{"id":5875,"date":"2023-01-02T11:51:51","date_gmt":"2023-01-02T10:51:51","guid":{"rendered":"https:\/\/old.moebeltransporte.lindnersolutions.de\/?p=5875"},"modified":"2023-06-23T09:43:32","modified_gmt":"2023-06-23T07:43:32","slug":"transporterfahrer-bis-35-t-m-w-d","status":"publish","type":"post","link":"https:\/\/old.moebeltransporte.lindnersolutions.de\/transporterfahrer-bis-35-t-m-w-d\/","title":{"rendered":"Transporterfahrer bis 3,5 t (m\/w\/d)"},"content":{"rendered":"<h6>Wir suchen Sie als:<\/h6>\n<h2>Transporterfahrer bis 3,5 t (m\/w\/d)<\/h2>\n<p>Wir suchen starke Typen mit K\u00f6pfchen f\u00fcr die Auslieferung von Transportg\u00fctern \/ Einrichtungsgegenst\u00e4nden \/ M\u00f6beln (kein Paketdienst) an unsere Kunden. Gerne k\u00f6nnen Sie sich auch als Team bei uns bewerben.<\/p>\n<p>Als 2-Mann-Team beliefern Sie t\u00e4glich unsere Kunden mit Einrichtungsgegenst\u00e4nden. Sie sind jeden Tag zu Hause und erhalten trotzdem den Spesensatz. \u00dcberstunden werden auf einem Arbeitszeitkonto gutgeschrieben, ausbezahlt oder in Freizeit ausgeglichen. Saubere, gepflegte und moderne Fahrzeuge mit Navigation und R\u00fcckfahrkamera sind bei uns selbstverst\u00e4ndlich.<\/p>\n<p>Wir fahren nicht nur 3,5-Tonner, sondern auch 7,5-Tonner.<\/p>\n<h3>Wir bieten<\/h3>\n<ul>\n<li>Sehr attraktives Verg\u00fctungspaket gestaffelt nach Qualifikation und Betriebszugeh\u00f6rigkeit<\/li>\n<li>Spesen 14,00 \u20ac pro Tag<\/li>\n<li>Bis zu 30 Tage Urlaub<\/li>\n<li>Betriebliche Altersvorsorge<\/li>\n<li>Flache Hierarchien, kurze Entscheidungswege<\/li>\n<li>Kollegiales und angenehmes Arbeitsklima<\/li>\n<\/ul>\n<h3>Voraussetzungen<\/h3>\n<ul>\n<li>FS der Klasse B oder h\u00f6her<\/li>\n<li>K\u00f6rperlich fit<\/li>\n<li>Angemessene Umgangsformen<\/li>\n<li>Deutschkenntnisse der Stufe B2<\/li>\n<\/ul>\n<p>Haben wir Ihr Interesse geweckt? Dann bewerben Sie sich mit einer Kurzbewerbung.<\/p>\n<p>Wir freuen uns auf Ihre Bewerbung!<\/p>\n<p>Bitte haben Sie Verst\u00e4ndnis daf\u00fcr, dass wir keine Kosten \u00fcbernehmen, die Ihnen durch das Vorstellungsgespr\u00e4ch entstehen. Bewerbungen in Papierform werden nicht zur\u00fcckgesandt.<\/p>\n<h3>Ihr Ansprechpartner<\/h3>\n<p><strong>Jens Amlacher<\/strong><\/p>\n<p>STARKE M\u00f6beltransporte GmbH<br \/>\nLeibnizstra\u00dfe 74<br \/>\n07548 Gera<\/p>\n<p>Telefon: <a href=\"tel:+4936554854226\" target=\"_blank\" rel=\"noopener\">0365-54854226<\/a><br \/>\nMobil: <a href=\"tel:+491712220911\" target=\"_blank\" rel=\"noopener\">0171-2220911<\/a><\/p>\n<p>Mail: <a href=\"mailto:personal@old.moebeltransporte.lindnersolutions.de\">personal@old.moebeltransporte.lindnersolutions.de<\/a><\/p>\n<h3 class=\"gelb\"><span style=\"font-size: 16px;\">Online bewerben<\/span><\/h3>\n<p>F\u00fcr eine schnelle und unkomplizierte Bewerbung nutzen Sie bitte unser Online-Formular..<\/p>\n<a class=\"nectar-button n-sc-button large see-through-2 has-icon\" target=\"_blank\" href=\"https:\/\/old.moebeltransporte.lindnersolutions.de\/onlinebewerbung\/\" data-color-override=\"#043771\"  data-hover-color-override=\"#043771\" data-hover-text-color-override=\"#fff\"><span>Zur Online Bewerbung<\/span><i class=\"iconsmind-Mail-Forward\"><\/i><\/a>\n","protected":false},"excerpt":{"rendered":"<p>Wir suchen Sie als: Transporterfahrer bis 3,5 t (m\/w\/d) Wir suchen starke Typen mit K\u00f6pfchen f\u00fcr die Auslieferung von Transportg\u00fctern \/ Einrichtungsgegenst\u00e4nden \/ M\u00f6beln (kein Paketdienst) an unsere Kunden. Gerne&#8230;<\/p>\n","protected":false},"author":1,"featured_media":6345,"comment_status":"closed","ping_status":"open","sticky":false,"template":"","format":"standard","meta":{"footnotes":""},"categories":[21],"tags":[33,30,34,32,38],"class_list":{"0":"post-5875","1":"post","2":"type-post","3":"status-publish","4":"format-standard","5":"has-post-thumbnail","7":"category-karriere","8":"tag-arbeit-in-gera","9":"tag-berufskraftfahrer","10":"tag-job-in-gera","11":"tag-stellenanzeige","12":"tag-transportfahrer"},"yoast_head":"<!-- This site is optimized with the Yoast SEO plugin v27.5 - https:\/\/yoast.com\/product\/yoast-seo-wordpress\/ -->\n<title>Transporterfahrer bis 3,5 t (m\/w\/d) - M\u00f6beltransporte Gera<\/title>\n<meta name=\"description\" content=\"Wir suchen Transporterfahrer bis 3,5 t (m\/w\/d). Starken Typen mit K\u00f6pfchen die Speditionsware \/ Einrichtungsgegenst\u00e4nde \/ M\u00f6bel\" \/>\n<meta name=\"robots\" content=\"index, follow, max-snippet:-1, max-image-preview:large, max-video-preview:-1\" \/>\n<link rel=\"canonical\" href=\"https:\/\/old.moebeltransporte.lindnersolutions.de\/transporterfahrer-bis-35-t-m-w-d\/\" \/>\n<meta property=\"og:locale\" content=\"de_DE\" \/>\n<meta property=\"og:type\" content=\"article\" \/>\n<meta property=\"og:title\" content=\"Transporterfahrer bis 3,5 t (m\/w\/d) - M\u00f6beltransporte Gera\" \/>\n<meta property=\"og:description\" content=\"Wir suchen Transporterfahrer bis 3,5 t (m\/w\/d). Starken Typen mit K\u00f6pfchen die Speditionsware \/ Einrichtungsgegenst\u00e4nde \/ M\u00f6bel\" \/>\n<meta property=\"og:url\" content=\"https:\/\/old.moebeltransporte.lindnersolutions.de\/transporterfahrer-bis-35-t-m-w-d\/\" \/>\n<meta property=\"og:site_name\" content=\"STARKE M\u00f6beltransporte GmbH\" \/>\n<meta property=\"article:publisher\" content=\"https:\/\/www.facebook.com\/starkegera\" \/>\n<meta property=\"article:published_time\" content=\"2023-01-02T10:51:51+00:00\" \/>\n<meta property=\"article:modified_time\" content=\"2023-06-23T07:43:32+00:00\" \/>\n<meta property=\"og:image\" content=\"https:\/\/old.moebeltransporte.lindnersolutions.de\/wp-content\/uploads\/2023\/01\/berufskraftfahrer.jpg\" \/>\n\t<meta property=\"og:image:width\" content=\"2400\" \/>\n\t<meta property=\"og:image:height\" content=\"1602\" \/>\n\t<meta property=\"og:image:type\" content=\"image\/jpeg\" \/>\n<meta name=\"author\" content=\"Starke\" \/>\n<meta name=\"twitter:card\" content=\"summary_large_image\" \/>\n<meta name=\"twitter:label1\" content=\"Verfasst von\" \/>\n\t<meta name=\"twitter:data1\" content=\"Starke\" \/>\n\t<meta name=\"twitter:label2\" content=\"Gesch\u00e4tzte Lesezeit\" \/>\n\t<meta name=\"twitter:data2\" content=\"2\u00a0Minuten\" \/>\n<script type=\"application\/ld+json\" class=\"yoast-schema-graph\">{\"@context\":\"https:\\\/\\\/schema.org\",\"@graph\":[{\"@type\":\"Article\",\"@id\":\"https:\\\/\\\/old.moebeltransporte.lindnersolutions.de\\\/transporterfahrer-bis-35-t-m-w-d\\\/#article\",\"isPartOf\":{\"@id\":\"https:\\\/\\\/old.moebeltransporte.lindnersolutions.de\\\/transporterfahrer-bis-35-t-m-w-d\\\/\"},\"author\":{\"name\":\"Starke\",\"@id\":\"https:\\\/\\\/old.moebeltransporte.lindnersolutions.de\\\/#\\\/schema\\\/person\\\/85d53581b370bdd140fe118f77f085a8\"},\"headline\":\"Transporterfahrer bis 3,5 t (m\\\/w\\\/d)\",\"datePublished\":\"2023-01-02T10:51:51+00:00\",\"dateModified\":\"2023-06-23T07:43:32+00:00\",\"mainEntityOfPage\":{\"@id\":\"https:\\\/\\\/old.moebeltransporte.lindnersolutions.de\\\/transporterfahrer-bis-35-t-m-w-d\\\/\"},\"wordCount\":263,\"publisher\":{\"@id\":\"https:\\\/\\\/old.moebeltransporte.lindnersolutions.de\\\/#organization\"},\"image\":{\"@id\":\"https:\\\/\\\/old.moebeltransporte.lindnersolutions.de\\\/transporterfahrer-bis-35-t-m-w-d\\\/#primaryimage\"},\"thumbnailUrl\":\"https:\\\/\\\/old.moebeltransporte.lindnersolutions.de\\\/wp-content\\\/uploads\\\/2023\\\/01\\\/berufskraftfahrer.jpg\",\"keywords\":[\"Arbeit in Gera\",\"Berufskraftfahrer\",\"Job in Gera\",\"Stellenanzeige\",\"Transportfahrer\"],\"articleSection\":[\"Karriere\"],\"inLanguage\":\"de\"},{\"@type\":\"WebPage\",\"@id\":\"https:\\\/\\\/old.moebeltransporte.lindnersolutions.de\\\/transporterfahrer-bis-35-t-m-w-d\\\/\",\"url\":\"https:\\\/\\\/old.moebeltransporte.lindnersolutions.de\\\/transporterfahrer-bis-35-t-m-w-d\\\/\",\"name\":\"Transporterfahrer bis 3,5 t (m\\\/w\\\/d) - M\u00f6beltransporte Gera\",\"isPartOf\":{\"@id\":\"https:\\\/\\\/old.moebeltransporte.lindnersolutions.de\\\/#website\"},\"primaryImageOfPage\":{\"@id\":\"https:\\\/\\\/old.moebeltransporte.lindnersolutions.de\\\/transporterfahrer-bis-35-t-m-w-d\\\/#primaryimage\"},\"image\":{\"@id\":\"https:\\\/\\\/old.moebeltransporte.lindnersolutions.de\\\/transporterfahrer-bis-35-t-m-w-d\\\/#primaryimage\"},\"thumbnailUrl\":\"https:\\\/\\\/old.moebeltransporte.lindnersolutions.de\\\/wp-content\\\/uploads\\\/2023\\\/01\\\/berufskraftfahrer.jpg\",\"datePublished\":\"2023-01-02T10:51:51+00:00\",\"dateModified\":\"2023-06-23T07:43:32+00:00\",\"description\":\"Wir suchen Transporterfahrer bis 3,5 t (m\\\/w\\\/d). Starken Typen mit K\u00f6pfchen die Speditionsware \\\/ Einrichtungsgegenst\u00e4nde \\\/ M\u00f6bel\",\"breadcrumb\":{\"@id\":\"https:\\\/\\\/old.moebeltransporte.lindnersolutions.de\\\/transporterfahrer-bis-35-t-m-w-d\\\/#breadcrumb\"},\"inLanguage\":\"de\",\"potentialAction\":[{\"@type\":\"ReadAction\",\"target\":[\"https:\\\/\\\/old.moebeltransporte.lindnersolutions.de\\\/transporterfahrer-bis-35-t-m-w-d\\\/\"]}]},{\"@type\":\"ImageObject\",\"inLanguage\":\"de\",\"@id\":\"https:\\\/\\\/old.moebeltransporte.lindnersolutions.de\\\/transporterfahrer-bis-35-t-m-w-d\\\/#primaryimage\",\"url\":\"https:\\\/\\\/old.moebeltransporte.lindnersolutions.de\\\/wp-content\\\/uploads\\\/2023\\\/01\\\/berufskraftfahrer.jpg\",\"contentUrl\":\"https:\\\/\\\/old.moebeltransporte.lindnersolutions.de\\\/wp-content\\\/uploads\\\/2023\\\/01\\\/berufskraftfahrer.jpg\",\"width\":2400,\"height\":1602,\"caption\":\"Foto\"},{\"@type\":\"BreadcrumbList\",\"@id\":\"https:\\\/\\\/old.moebeltransporte.lindnersolutions.de\\\/transporterfahrer-bis-35-t-m-w-d\\\/#breadcrumb\",\"itemListElement\":[{\"@type\":\"ListItem\",\"position\":1,\"name\":\"Startseite\",\"item\":\"https:\\\/\\\/old.moebeltransporte.lindnersolutions.de\\\/\"},{\"@type\":\"ListItem\",\"position\":2,\"name\":\"Transporterfahrer bis 3,5 t (m\\\/w\\\/d)\"}]},{\"@type\":\"WebSite\",\"@id\":\"https:\\\/\\\/old.moebeltransporte.lindnersolutions.de\\\/#website\",\"url\":\"https:\\\/\\\/old.moebeltransporte.lindnersolutions.de\\\/\",\"name\":\"STARKE M\u00f6beltransporte GmbH\",\"description\":\"Die STARKE M\u00f6beltransport GmbH ist Mitglied im Bundesverband M\u00f6belspedition und Logistik (AM\u00d6) e.V. Mehr Sicherheit f\u00fcr Ihren Umzug geht nicht.\",\"publisher\":{\"@id\":\"https:\\\/\\\/old.moebeltransporte.lindnersolutions.de\\\/#organization\"},\"potentialAction\":[{\"@type\":\"SearchAction\",\"target\":{\"@type\":\"EntryPoint\",\"urlTemplate\":\"https:\\\/\\\/old.moebeltransporte.lindnersolutions.de\\\/?s={search_term_string}\"},\"query-input\":{\"@type\":\"PropertyValueSpecification\",\"valueRequired\":true,\"valueName\":\"search_term_string\"}}],\"inLanguage\":\"de\"},{\"@type\":\"Organization\",\"@id\":\"https:\\\/\\\/old.moebeltransporte.lindnersolutions.de\\\/#organization\",\"name\":\"STARKE M\u00f6beltransporte GmbH\",\"url\":\"https:\\\/\\\/old.moebeltransporte.lindnersolutions.de\\\/\",\"logo\":{\"@type\":\"ImageObject\",\"inLanguage\":\"de\",\"@id\":\"https:\\\/\\\/old.moebeltransporte.lindnersolutions.de\\\/#\\\/schema\\\/logo\\\/image\\\/\",\"url\":\"https:\\\/\\\/old.moebeltransporte.lindnersolutions.de\\\/wp-content\\\/uploads\\\/2023\\\/05\\\/Starke-Logos.png\",\"contentUrl\":\"https:\\\/\\\/old.moebeltransporte.lindnersolutions.de\\\/wp-content\\\/uploads\\\/2023\\\/05\\\/Starke-Logos.png\",\"width\":945,\"height\":213,\"caption\":\"STARKE M\u00f6beltransporte GmbH\"},\"image\":{\"@id\":\"https:\\\/\\\/old.moebeltransporte.lindnersolutions.de\\\/#\\\/schema\\\/logo\\\/image\\\/\"},\"sameAs\":[\"https:\\\/\\\/www.facebook.com\\\/starkegera\",\"https:\\\/\\\/www.instagram.com\\\/\"]},{\"@type\":\"Person\",\"@id\":\"https:\\\/\\\/old.moebeltransporte.lindnersolutions.de\\\/#\\\/schema\\\/person\\\/85d53581b370bdd140fe118f77f085a8\",\"name\":\"Starke\",\"sameAs\":[\"https:\\\/\\\/old.moebeltransporte.lindnersolutions.de\"],\"url\":\"https:\\\/\\\/old.moebeltransporte.lindnersolutions.de\\\/author\\\/starke\\\/\"}]}<\/script>\n<!-- \/ Yoast SEO plugin. -->","yoast_head_json":{"title":"Transporterfahrer bis 3,5 t (m\/w\/d) - M\u00f6beltransporte Gera","description":"Wir suchen Transporterfahrer bis 3,5 t (m\/w\/d). Starken Typen mit K\u00f6pfchen die Speditionsware \/ Einrichtungsgegenst\u00e4nde \/ M\u00f6bel","robots":{"index":"index","follow":"follow","max-snippet":"max-snippet:-1","max-image-preview":"max-image-preview:large","max-video-preview":"max-video-preview:-1"},"canonical":"https:\/\/old.moebeltransporte.lindnersolutions.de\/transporterfahrer-bis-35-t-m-w-d\/","og_locale":"de_DE","og_type":"article","og_title":"Transporterfahrer bis 3,5 t (m\/w\/d) - M\u00f6beltransporte Gera","og_description":"Wir suchen Transporterfahrer bis 3,5 t (m\/w\/d). Starken Typen mit K\u00f6pfchen die Speditionsware \/ Einrichtungsgegenst\u00e4nde \/ M\u00f6bel","og_url":"https:\/\/old.moebeltransporte.lindnersolutions.de\/transporterfahrer-bis-35-t-m-w-d\/","og_site_name":"STARKE M\u00f6beltransporte GmbH","article_publisher":"https:\/\/www.facebook.com\/starkegera","article_published_time":"2023-01-02T10:51:51+00:00","article_modified_time":"2023-06-23T07:43:32+00:00","og_image":[{"width":2400,"height":1602,"url":"https:\/\/old.moebeltransporte.lindnersolutions.de\/wp-content\/uploads\/2023\/01\/berufskraftfahrer.jpg","type":"image\/jpeg"}],"author":"Starke","twitter_card":"summary_large_image","twitter_misc":{"Verfasst von":"Starke","Gesch\u00e4tzte Lesezeit":"2\u00a0Minuten"},"schema":{"@context":"https:\/\/schema.org","@graph":[{"@type":"Article","@id":"https:\/\/old.moebeltransporte.lindnersolutions.de\/transporterfahrer-bis-35-t-m-w-d\/#article","isPartOf":{"@id":"https:\/\/old.moebeltransporte.lindnersolutions.de\/transporterfahrer-bis-35-t-m-w-d\/"},"author":{"name":"Starke","@id":"https:\/\/old.moebeltransporte.lindnersolutions.de\/#\/schema\/person\/85d53581b370bdd140fe118f77f085a8"},"headline":"Transporterfahrer bis 3,5 t (m\/w\/d)","datePublished":"2023-01-02T10:51:51+00:00","dateModified":"2023-06-23T07:43:32+00:00","mainEntityOfPage":{"@id":"https:\/\/old.moebeltransporte.lindnersolutions.de\/transporterfahrer-bis-35-t-m-w-d\/"},"wordCount":263,"publisher":{"@id":"https:\/\/old.moebeltransporte.lindnersolutions.de\/#organization"},"image":{"@id":"https:\/\/old.moebeltransporte.lindnersolutions.de\/transporterfahrer-bis-35-t-m-w-d\/#primaryimage"},"thumbnailUrl":"https:\/\/old.moebeltransporte.lindnersolutions.de\/wp-content\/uploads\/2023\/01\/berufskraftfahrer.jpg","keywords":["Arbeit in Gera","Berufskraftfahrer","Job in Gera","Stellenanzeige","Transportfahrer"],"articleSection":["Karriere"],"inLanguage":"de"},{"@type":"WebPage","@id":"https:\/\/old.moebeltransporte.lindnersolutions.de\/transporterfahrer-bis-35-t-m-w-d\/","url":"https:\/\/old.moebeltransporte.lindnersolutions.de\/transporterfahrer-bis-35-t-m-w-d\/","name":"Transporterfahrer bis 3,5 t (m\/w\/d) - M\u00f6beltransporte Gera","isPartOf":{"@id":"https:\/\/old.moebeltransporte.lindnersolutions.de\/#website"},"primaryImageOfPage":{"@id":"https:\/\/old.moebeltransporte.lindnersolutions.de\/transporterfahrer-bis-35-t-m-w-d\/#primaryimage"},"image":{"@id":"https:\/\/old.moebeltransporte.lindnersolutions.de\/transporterfahrer-bis-35-t-m-w-d\/#primaryimage"},"thumbnailUrl":"https:\/\/old.moebeltransporte.lindnersolutions.de\/wp-content\/uploads\/2023\/01\/berufskraftfahrer.jpg","datePublished":"2023-01-02T10:51:51+00:00","dateModified":"2023-06-23T07:43:32+00:00","description":"Wir suchen Transporterfahrer bis 3,5 t (m\/w\/d). Starken Typen mit K\u00f6pfchen die Speditionsware \/ Einrichtungsgegenst\u00e4nde \/ M\u00f6bel","breadcrumb":{"@id":"https:\/\/old.moebeltransporte.lindnersolutions.de\/transporterfahrer-bis-35-t-m-w-d\/#breadcrumb"},"inLanguage":"de","potentialAction":[{"@type":"ReadAction","target":["https:\/\/old.moebeltransporte.lindnersolutions.de\/transporterfahrer-bis-35-t-m-w-d\/"]}]},{"@type":"ImageObject","inLanguage":"de","@id":"https:\/\/old.moebeltransporte.lindnersolutions.de\/transporterfahrer-bis-35-t-m-w-d\/#primaryimage","url":"https:\/\/old.moebeltransporte.lindnersolutions.de\/wp-content\/uploads\/2023\/01\/berufskraftfahrer.jpg","contentUrl":"https:\/\/old.moebeltransporte.lindnersolutions.de\/wp-content\/uploads\/2023\/01\/berufskraftfahrer.jpg","width":2400,"height":1602,"caption":"Foto"},{"@type":"BreadcrumbList","@id":"https:\/\/old.moebeltransporte.lindnersolutions.de\/transporterfahrer-bis-35-t-m-w-d\/#breadcrumb","itemListElement":[{"@type":"ListItem","position":1,"name":"Startseite","item":"https:\/\/old.moebeltransporte.lindnersolutions.de\/"},{"@type":"ListItem","position":2,"name":"Transporterfahrer bis 3,5 t (m\/w\/d)"}]},{"@type":"WebSite","@id":"https:\/\/old.moebeltransporte.lindnersolutions.de\/#website","url":"https:\/\/old.moebeltransporte.lindnersolutions.de\/","name":"STARKE M\u00f6beltransporte GmbH","description":"Die STARKE M\u00f6beltransport GmbH ist Mitglied im Bundesverband M\u00f6belspedition und Logistik (AM\u00d6) e.V. Mehr Sicherheit f\u00fcr Ihren Umzug geht nicht.","publisher":{"@id":"https:\/\/old.moebeltransporte.lindnersolutions.de\/#organization"},"potentialAction":[{"@type":"SearchAction","target":{"@type":"EntryPoint","urlTemplate":"https:\/\/old.moebeltransporte.lindnersolutions.de\/?s={search_term_string}"},"query-input":{"@type":"PropertyValueSpecification","valueRequired":true,"valueName":"search_term_string"}}],"inLanguage":"de"},{"@type":"Organization","@id":"https:\/\/old.moebeltransporte.lindnersolutions.de\/#organization","name":"STARKE M\u00f6beltransporte GmbH","url":"https:\/\/old.moebeltransporte.lindnersolutions.de\/","logo":{"@type":"ImageObject","inLanguage":"de","@id":"https:\/\/old.moebeltransporte.lindnersolutions.de\/#\/schema\/logo\/image\/","url":"https:\/\/old.moebeltransporte.lindnersolutions.de\/wp-content\/uploads\/2023\/05\/Starke-Logos.png","contentUrl":"https:\/\/old.moebeltransporte.lindnersolutions.de\/wp-content\/uploads\/2023\/05\/Starke-Logos.png","width":945,"height":213,"caption":"STARKE M\u00f6beltransporte GmbH"},"image":{"@id":"https:\/\/old.moebeltransporte.lindnersolutions.de\/#\/schema\/logo\/image\/"},"sameAs":["https:\/\/www.facebook.com\/starkegera","https:\/\/www.instagram.com\/"]},{"@type":"Person","@id":"https:\/\/old.moebeltransporte.lindnersolutions.de\/#\/schema\/person\/85d53581b370bdd140fe118f77f085a8","name":"Starke","sameAs":["https:\/\/old.moebeltransporte.lindnersolutions.de"],"url":"https:\/\/old.moebeltransporte.lindnersolutions.de\/author\/starke\/"}]}},"_links":{"self":[{"href":"https:\/\/old.moebeltransporte.lindnersolutions.de\/wp-json\/wp\/v2\/posts\/5875","targetHints":{"allow":["GET"]}}],"collection":[{"href":"https:\/\/old.moebeltransporte.lindnersolutions.de\/wp-json\/wp\/v2\/posts"}],"about":[{"href":"https:\/\/old.moebeltransporte.lindnersolutions.de\/wp-json\/wp\/v2\/types\/post"}],"author":[{"embeddable":true,"href":"https:\/\/old.moebeltransporte.lindnersolutions.de\/wp-json\/wp\/v2\/users\/1"}],"replies":[{"embeddable":true,"href":"https:\/\/old.moebeltransporte.lindnersolutions.de\/wp-json\/wp\/v2\/comments?post=5875"}],"version-history":[{"count":0,"href":"https:\/\/old.moebeltransporte.lindnersolutions.de\/wp-json\/wp\/v2\/posts\/5875\/revisions"}],"wp:featuredmedia":[{"embeddable":true,"href":"https:\/\/old.moebeltransporte.lindnersolutions.de\/wp-json\/wp\/v2\/media\/6345"}],"wp:attachment":[{"href":"https:\/\/old.moebeltransporte.lindnersolutions.de\/wp-json\/wp\/v2\/media?parent=5875"}],"wp:term":[{"taxonomy":"category","embeddable":true,"href":"https:\/\/old.moebeltransporte.lindnersolutions.de\/wp-json\/wp\/v2\/categories?post=5875"},{"taxonomy":"post_tag","embeddable":true,"href":"https:\/\/old.moebeltransporte.lindnersolutions.de\/wp-json\/wp\/v2\/tags?post=5875"}],"curies":[{"name":"wp","href":"https:\/\/api.w.org\/{rel}","templated":true}]}}