{"id":5879,"date":"2022-01-02T12:01:38","date_gmt":"2022-01-02T11:01:38","guid":{"rendered":"https:\/\/old.moebeltransporte.lindnersolutions.de\/?p=5879"},"modified":"2023-06-23T13:16:33","modified_gmt":"2023-06-23T11:16:33","slug":"kaufmann-kauffrau-m-w-d-fuer-spedition-und-logistikdienstleistung","status":"publish","type":"post","link":"https:\/\/old.moebeltransporte.lindnersolutions.de\/kaufmann-kauffrau-m-w-d-fuer-spedition-und-logistikdienstleistung\/","title":{"rendered":"Kaufmann\/Kauffrau (m\/w\/d) f\u00fcr Spedition und Logistikdienstleistung"},"content":{"rendered":"<h6>Wir bilden Dich aus:<\/h6>\n<h2>Kaufmann\/Kauffrau (m\/w\/d) f\u00fcr Spedition und Logistikdienstleistung<\/h2>\n<h3>T\u00e4tigkeitsbeschreibung<\/h3>\n<p>Kaufleute f\u00fcr Spedition und Logistikdienstleistung organisieren den Versand, den Umschlag und ggf. die Lagerung von G\u00fctern und \u00fcberwachen das Zusammenwirken der an einer Logistikkette Beteiligten: Versender, Spediteure bzw. Verkehrs- und Umschlagsunternehmen, Lagerbetreiber, Versicherungsunternehmen, Endkunden. Sie beraten und betreuen Kunden, z.B. bei der Auswahl geeigneter Transportmittel und -verfahren oder bei Verpackungsfragen. Sie kalkulieren Preise, erstellen Angebote, bereiten Vertr\u00e4ge vor und k\u00fcmmern sich um den Versicherungsschutz.<\/p>\n<h3>Voraussetzungen<\/h3>\n<div class=\"page\" title=\"Page 2\">\n<div class=\"section\">\n<div class=\"layoutArea\">\n<div class=\"column\">\n<p>Mindestens mittlere Reife, idealerweise Abitur. Au\u00dferdem solltest Du durchsetzungsf\u00e4hig, teamf\u00e4hig und zuverl\u00e4ssig sein.<\/p>\n<\/div>\n<\/div>\n<\/div>\n<\/div>\n<h3>Berufliche Interessen und Neigungen<\/h3>\n<p>Wenn du Dich f\u00fcr diesen Beruf entscheidest, solltest du Interesse haben an:<\/p>\n<ul>\n<li>Planen und Organisieren (z. B. Warenein- und -ausgang disponieren, Transporte planen und \u00fcberwachen, Touren ausarbeiten und einteilen)<\/li>\n<li>Beraten und \u00dcberzeugen (z. B. Kunden \u00fcber Dienstleistungsangebote beraten und informieren)<\/li>\n<li>Kundenorientiertes Verhalten (z. B. auf Kundenw\u00fcnsche und Reklamationen eingehen)<\/li>\n<li>B\u00fcro- und Verwaltungst\u00e4tigkeiten (z. B. Frachtpapiere erstellen, Frachtkosten berechnen, Zollformalit\u00e4ten erledigen, Schadensf\u00e4lle bearbeiten)<\/li>\n<li>Kaufm\u00e4nnisches Denken und Handeln<\/li>\n<li>Wirtschaftliche Fragestellungen und Kenntnisse<\/li>\n<\/ul>\n<h3><strong>Ausbildungsverg\u00fctung<\/strong><\/h3>\n<ol>\n<li>Ausbildungsjahr\u00a0 \u00a0820,00 EUR<\/li>\n<li>Ausbildungsjahr\u00a0 \u00a0920,00 EUR<\/li>\n<li>Ausbildungsjahr 1020,00 EUR<\/li>\n<\/ol>\n<p>Bei \u00fcberdurchschnittlichen Leistungen zahlen wir zus\u00e4tzlich zur Ausbildungsverg\u00fctung eine Pr\u00e4mie. Alle mit der Ausbildung verbundenen Kosten werden von uns \u00fcbernommen.<\/p>\n<h3>Weitere Informationen<\/h3>\n<p>Wir bieten Dir die M\u00f6glichkeit und die Chance, einen sehr interessanten, vielseitigen und damit sehr abwechslungsreichen Ausbildungsberuf zu erlernen. Dar\u00fcber hinaus erh\u00e4ltst Du im Rahmen der M\u00f6glichkeiten externe Fort- und Weiterbildungen.<\/p>\n<p>Wir freuen uns auf Deine Bewerbung!<\/p>\n<p>Wir bitten um Verst\u00e4ndnis, dass wir keine Kosten f\u00fcr Vorstellungsgespr\u00e4che \u00fcbernehmen k\u00f6nnen. Bewerbungen in Papierform werden nicht zur\u00fcckgesandt.<\/p>\n<h3>Dein Ansprechpartner<\/h3>\n<p><strong>Jens Amlacher<\/strong><\/p>\n<p>STARKE M\u00f6beltransporte GmbH<br \/>\nLeibnizstra\u00dfe 74<br \/>\n07548 Gera<\/p>\n<p>Telefon: <a href=\"tel:+4936554854226\" target=\"_blank\" rel=\"noopener\">0365-54854226<\/a><br \/>\nMobil: <a href=\"tel:+491712220911\" target=\"_blank\" rel=\"noopener\">0171-2220911<\/a><\/p>\n<p>Mail: <a href=\"mailto:personal@old.moebeltransporte.lindnersolutions.de\">personal@old.moebeltransporte.lindnersolutions.de<\/a><\/p>\n<h3 class=\"gelb\">Online bewerben<\/h3>\n<p>Nutze unser Online-Formular, um Dich schnell und unkompliziert bei uns zu bewerben.<\/p>\n<a class=\"nectar-button n-sc-button large see-through-2 has-icon\" target=\"_blank\" href=\"https:\/\/old.moebeltransporte.lindnersolutions.de\/onlinebewerbung\/\" data-color-override=\"#043771\"  data-hover-color-override=\"#043771\" data-hover-text-color-override=\"#fff\"><span>Zur Online Bewerbung<\/span><i class=\"iconsmind-Mail-Forward\"><\/i><\/a>\n","protected":false},"excerpt":{"rendered":"<p>Wir bilden Dich aus: Kaufmann\/Kauffrau (m\/w\/d) f\u00fcr Spedition und Logistikdienstleistung T\u00e4tigkeitsbeschreibung Kaufleute f\u00fcr Spedition und Logistikdienstleistung organisieren den Versand, den Umschlag und ggf. die Lagerung von G\u00fctern und \u00fcberwachen das&#8230;<\/p>\n","protected":false},"author":1,"featured_media":6808,"comment_status":"closed","ping_status":"open","sticky":false,"template":"","format":"standard","meta":{"footnotes":""},"categories":[25],"tags":[26,27,22,24,23],"class_list":{"0":"post-5879","1":"post","2":"type-post","3":"status-publish","4":"format-standard","5":"has-post-thumbnail","7":"category-ausbildung","8":"tag-ausbildung-in-gera","9":"tag-ausbildungsplatz","10":"tag-kauffrau","11":"tag-logistik","12":"tag-spedition"},"yoast_head":"<!-- This site is optimized with the Yoast SEO plugin v27.5 - https:\/\/yoast.com\/product\/yoast-seo-wordpress\/ -->\n<title>Kaufmann\/Kauffrau (m\/w\/d) f\u00fcr Spedition und Logistikdienstleistung<\/title>\n<meta name=\"description\" content=\"Das Aufgabengebiet umfasst im Wesentlichen die Disposition der LKW-Flotte im regionalen und \u00fcberregionalen G\u00fcterverkehr. Das beinhaltet die\" \/>\n<meta name=\"robots\" content=\"index, follow, max-snippet:-1, max-image-preview:large, max-video-preview:-1\" \/>\n<link rel=\"canonical\" href=\"https:\/\/old.moebeltransporte.lindnersolutions.de\/kaufmann-kauffrau-m-w-d-fuer-spedition-und-logistikdienstleistung\/\" \/>\n<meta property=\"og:locale\" content=\"de_DE\" \/>\n<meta property=\"og:type\" content=\"article\" \/>\n<meta property=\"og:title\" content=\"Kaufmann\/Kauffrau (m\/w\/d) f\u00fcr Spedition und Logistikdienstleistung\" \/>\n<meta property=\"og:description\" content=\"Das Aufgabengebiet umfasst im Wesentlichen die Disposition der LKW-Flotte im regionalen und \u00fcberregionalen G\u00fcterverkehr. Das beinhaltet die\" \/>\n<meta property=\"og:url\" content=\"https:\/\/old.moebeltransporte.lindnersolutions.de\/kaufmann-kauffrau-m-w-d-fuer-spedition-und-logistikdienstleistung\/\" \/>\n<meta property=\"og:site_name\" content=\"STARKE M\u00f6beltransporte GmbH\" \/>\n<meta property=\"article:publisher\" content=\"https:\/\/www.facebook.com\/starkegera\" \/>\n<meta property=\"article:published_time\" content=\"2022-01-02T11:01:38+00:00\" \/>\n<meta property=\"article:modified_time\" content=\"2023-06-23T11:16:33+00:00\" \/>\n<meta property=\"og:image\" content=\"https:\/\/old.moebeltransporte.lindnersolutions.de\/wp-content\/uploads\/2022\/01\/2023.05.06-08-STARKE-69.jpg\" \/>\n\t<meta property=\"og:image:width\" content=\"2200\" \/>\n\t<meta property=\"og:image:height\" content=\"1467\" \/>\n\t<meta property=\"og:image:type\" content=\"image\/jpeg\" \/>\n<meta name=\"author\" content=\"Starke\" \/>\n<meta name=\"twitter:card\" content=\"summary_large_image\" \/>\n<meta name=\"twitter:label1\" content=\"Verfasst von\" \/>\n\t<meta name=\"twitter:data1\" content=\"Starke\" \/>\n\t<meta name=\"twitter:label2\" content=\"Gesch\u00e4tzte Lesezeit\" \/>\n\t<meta name=\"twitter:data2\" content=\"2\u00a0Minuten\" \/>\n<script type=\"application\/ld+json\" class=\"yoast-schema-graph\">{\"@context\":\"https:\\\/\\\/schema.org\",\"@graph\":[{\"@type\":\"Article\",\"@id\":\"https:\\\/\\\/old.moebeltransporte.lindnersolutions.de\\\/kaufmann-kauffrau-m-w-d-fuer-spedition-und-logistikdienstleistung\\\/#article\",\"isPartOf\":{\"@id\":\"https:\\\/\\\/old.moebeltransporte.lindnersolutions.de\\\/kaufmann-kauffrau-m-w-d-fuer-spedition-und-logistikdienstleistung\\\/\"},\"author\":{\"name\":\"Starke\",\"@id\":\"https:\\\/\\\/old.moebeltransporte.lindnersolutions.de\\\/#\\\/schema\\\/person\\\/85d53581b370bdd140fe118f77f085a8\"},\"headline\":\"Kaufmann\\\/Kauffrau (m\\\/w\\\/d) f\u00fcr Spedition und Logistikdienstleistung\",\"datePublished\":\"2022-01-02T11:01:38+00:00\",\"dateModified\":\"2023-06-23T11:16:33+00:00\",\"mainEntityOfPage\":{\"@id\":\"https:\\\/\\\/old.moebeltransporte.lindnersolutions.de\\\/kaufmann-kauffrau-m-w-d-fuer-spedition-und-logistikdienstleistung\\\/\"},\"wordCount\":358,\"publisher\":{\"@id\":\"https:\\\/\\\/old.moebeltransporte.lindnersolutions.de\\\/#organization\"},\"image\":{\"@id\":\"https:\\\/\\\/old.moebeltransporte.lindnersolutions.de\\\/kaufmann-kauffrau-m-w-d-fuer-spedition-und-logistikdienstleistung\\\/#primaryimage\"},\"thumbnailUrl\":\"https:\\\/\\\/old.moebeltransporte.lindnersolutions.de\\\/wp-content\\\/uploads\\\/2022\\\/01\\\/2023.05.06-08-STARKE-69.jpg\",\"keywords\":[\"Ausbildung in Gera\",\"Ausbildungsplatz\",\"Kauffrau\",\"Logistik\",\"Spedition\"],\"articleSection\":[\"Ausbildung\"],\"inLanguage\":\"de\"},{\"@type\":\"WebPage\",\"@id\":\"https:\\\/\\\/old.moebeltransporte.lindnersolutions.de\\\/kaufmann-kauffrau-m-w-d-fuer-spedition-und-logistikdienstleistung\\\/\",\"url\":\"https:\\\/\\\/old.moebeltransporte.lindnersolutions.de\\\/kaufmann-kauffrau-m-w-d-fuer-spedition-und-logistikdienstleistung\\\/\",\"name\":\"Kaufmann\\\/Kauffrau (m\\\/w\\\/d) f\u00fcr Spedition und Logistikdienstleistung\",\"isPartOf\":{\"@id\":\"https:\\\/\\\/old.moebeltransporte.lindnersolutions.de\\\/#website\"},\"primaryImageOfPage\":{\"@id\":\"https:\\\/\\\/old.moebeltransporte.lindnersolutions.de\\\/kaufmann-kauffrau-m-w-d-fuer-spedition-und-logistikdienstleistung\\\/#primaryimage\"},\"image\":{\"@id\":\"https:\\\/\\\/old.moebeltransporte.lindnersolutions.de\\\/kaufmann-kauffrau-m-w-d-fuer-spedition-und-logistikdienstleistung\\\/#primaryimage\"},\"thumbnailUrl\":\"https:\\\/\\\/old.moebeltransporte.lindnersolutions.de\\\/wp-content\\\/uploads\\\/2022\\\/01\\\/2023.05.06-08-STARKE-69.jpg\",\"datePublished\":\"2022-01-02T11:01:38+00:00\",\"dateModified\":\"2023-06-23T11:16:33+00:00\",\"description\":\"Das Aufgabengebiet umfasst im Wesentlichen die Disposition der LKW-Flotte im regionalen und \u00fcberregionalen G\u00fcterverkehr. Das beinhaltet die\",\"breadcrumb\":{\"@id\":\"https:\\\/\\\/old.moebeltransporte.lindnersolutions.de\\\/kaufmann-kauffrau-m-w-d-fuer-spedition-und-logistikdienstleistung\\\/#breadcrumb\"},\"inLanguage\":\"de\",\"potentialAction\":[{\"@type\":\"ReadAction\",\"target\":[\"https:\\\/\\\/old.moebeltransporte.lindnersolutions.de\\\/kaufmann-kauffrau-m-w-d-fuer-spedition-und-logistikdienstleistung\\\/\"]}]},{\"@type\":\"ImageObject\",\"inLanguage\":\"de\",\"@id\":\"https:\\\/\\\/old.moebeltransporte.lindnersolutions.de\\\/kaufmann-kauffrau-m-w-d-fuer-spedition-und-logistikdienstleistung\\\/#primaryimage\",\"url\":\"https:\\\/\\\/old.moebeltransporte.lindnersolutions.de\\\/wp-content\\\/uploads\\\/2022\\\/01\\\/2023.05.06-08-STARKE-69.jpg\",\"contentUrl\":\"https:\\\/\\\/old.moebeltransporte.lindnersolutions.de\\\/wp-content\\\/uploads\\\/2022\\\/01\\\/2023.05.06-08-STARKE-69.jpg\",\"width\":2200,\"height\":1467,\"caption\":\"Azubi bei STARKE\"},{\"@type\":\"BreadcrumbList\",\"@id\":\"https:\\\/\\\/old.moebeltransporte.lindnersolutions.de\\\/kaufmann-kauffrau-m-w-d-fuer-spedition-und-logistikdienstleistung\\\/#breadcrumb\",\"itemListElement\":[{\"@type\":\"ListItem\",\"position\":1,\"name\":\"Startseite\",\"item\":\"https:\\\/\\\/old.moebeltransporte.lindnersolutions.de\\\/\"},{\"@type\":\"ListItem\",\"position\":2,\"name\":\"Kaufmann\\\/Kauffrau (m\\\/w\\\/d) f\u00fcr Spedition und Logistikdienstleistung\"}]},{\"@type\":\"WebSite\",\"@id\":\"https:\\\/\\\/old.moebeltransporte.lindnersolutions.de\\\/#website\",\"url\":\"https:\\\/\\\/old.moebeltransporte.lindnersolutions.de\\\/\",\"name\":\"STARKE M\u00f6beltransporte GmbH\",\"description\":\"Die STARKE M\u00f6beltransport GmbH ist Mitglied im Bundesverband M\u00f6belspedition und Logistik (AM\u00d6) e.V. Mehr Sicherheit f\u00fcr Ihren Umzug geht nicht.\",\"publisher\":{\"@id\":\"https:\\\/\\\/old.moebeltransporte.lindnersolutions.de\\\/#organization\"},\"potentialAction\":[{\"@type\":\"SearchAction\",\"target\":{\"@type\":\"EntryPoint\",\"urlTemplate\":\"https:\\\/\\\/old.moebeltransporte.lindnersolutions.de\\\/?s={search_term_string}\"},\"query-input\":{\"@type\":\"PropertyValueSpecification\",\"valueRequired\":true,\"valueName\":\"search_term_string\"}}],\"inLanguage\":\"de\"},{\"@type\":\"Organization\",\"@id\":\"https:\\\/\\\/old.moebeltransporte.lindnersolutions.de\\\/#organization\",\"name\":\"STARKE M\u00f6beltransporte GmbH\",\"url\":\"https:\\\/\\\/old.moebeltransporte.lindnersolutions.de\\\/\",\"logo\":{\"@type\":\"ImageObject\",\"inLanguage\":\"de\",\"@id\":\"https:\\\/\\\/old.moebeltransporte.lindnersolutions.de\\\/#\\\/schema\\\/logo\\\/image\\\/\",\"url\":\"https:\\\/\\\/old.moebeltransporte.lindnersolutions.de\\\/wp-content\\\/uploads\\\/2023\\\/05\\\/Starke-Logos.png\",\"contentUrl\":\"https:\\\/\\\/old.moebeltransporte.lindnersolutions.de\\\/wp-content\\\/uploads\\\/2023\\\/05\\\/Starke-Logos.png\",\"width\":945,\"height\":213,\"caption\":\"STARKE M\u00f6beltransporte GmbH\"},\"image\":{\"@id\":\"https:\\\/\\\/old.moebeltransporte.lindnersolutions.de\\\/#\\\/schema\\\/logo\\\/image\\\/\"},\"sameAs\":[\"https:\\\/\\\/www.facebook.com\\\/starkegera\",\"https:\\\/\\\/www.instagram.com\\\/\"]},{\"@type\":\"Person\",\"@id\":\"https:\\\/\\\/old.moebeltransporte.lindnersolutions.de\\\/#\\\/schema\\\/person\\\/85d53581b370bdd140fe118f77f085a8\",\"name\":\"Starke\",\"sameAs\":[\"https:\\\/\\\/old.moebeltransporte.lindnersolutions.de\"],\"url\":\"https:\\\/\\\/old.moebeltransporte.lindnersolutions.de\\\/author\\\/starke\\\/\"}]}<\/script>\n<!-- \/ Yoast SEO plugin. -->","yoast_head_json":{"title":"Kaufmann\/Kauffrau (m\/w\/d) f\u00fcr Spedition und Logistikdienstleistung","description":"Das Aufgabengebiet umfasst im Wesentlichen die Disposition der LKW-Flotte im regionalen und \u00fcberregionalen G\u00fcterverkehr. Das beinhaltet die","robots":{"index":"index","follow":"follow","max-snippet":"max-snippet:-1","max-image-preview":"max-image-preview:large","max-video-preview":"max-video-preview:-1"},"canonical":"https:\/\/old.moebeltransporte.lindnersolutions.de\/kaufmann-kauffrau-m-w-d-fuer-spedition-und-logistikdienstleistung\/","og_locale":"de_DE","og_type":"article","og_title":"Kaufmann\/Kauffrau (m\/w\/d) f\u00fcr Spedition und Logistikdienstleistung","og_description":"Das Aufgabengebiet umfasst im Wesentlichen die Disposition der LKW-Flotte im regionalen und \u00fcberregionalen G\u00fcterverkehr. Das beinhaltet die","og_url":"https:\/\/old.moebeltransporte.lindnersolutions.de\/kaufmann-kauffrau-m-w-d-fuer-spedition-und-logistikdienstleistung\/","og_site_name":"STARKE M\u00f6beltransporte GmbH","article_publisher":"https:\/\/www.facebook.com\/starkegera","article_published_time":"2022-01-02T11:01:38+00:00","article_modified_time":"2023-06-23T11:16:33+00:00","og_image":[{"width":2200,"height":1467,"url":"https:\/\/old.moebeltransporte.lindnersolutions.de\/wp-content\/uploads\/2022\/01\/2023.05.06-08-STARKE-69.jpg","type":"image\/jpeg"}],"author":"Starke","twitter_card":"summary_large_image","twitter_misc":{"Verfasst von":"Starke","Gesch\u00e4tzte Lesezeit":"2\u00a0Minuten"},"schema":{"@context":"https:\/\/schema.org","@graph":[{"@type":"Article","@id":"https:\/\/old.moebeltransporte.lindnersolutions.de\/kaufmann-kauffrau-m-w-d-fuer-spedition-und-logistikdienstleistung\/#article","isPartOf":{"@id":"https:\/\/old.moebeltransporte.lindnersolutions.de\/kaufmann-kauffrau-m-w-d-fuer-spedition-und-logistikdienstleistung\/"},"author":{"name":"Starke","@id":"https:\/\/old.moebeltransporte.lindnersolutions.de\/#\/schema\/person\/85d53581b370bdd140fe118f77f085a8"},"headline":"Kaufmann\/Kauffrau (m\/w\/d) f\u00fcr Spedition und Logistikdienstleistung","datePublished":"2022-01-02T11:01:38+00:00","dateModified":"2023-06-23T11:16:33+00:00","mainEntityOfPage":{"@id":"https:\/\/old.moebeltransporte.lindnersolutions.de\/kaufmann-kauffrau-m-w-d-fuer-spedition-und-logistikdienstleistung\/"},"wordCount":358,"publisher":{"@id":"https:\/\/old.moebeltransporte.lindnersolutions.de\/#organization"},"image":{"@id":"https:\/\/old.moebeltransporte.lindnersolutions.de\/kaufmann-kauffrau-m-w-d-fuer-spedition-und-logistikdienstleistung\/#primaryimage"},"thumbnailUrl":"https:\/\/old.moebeltransporte.lindnersolutions.de\/wp-content\/uploads\/2022\/01\/2023.05.06-08-STARKE-69.jpg","keywords":["Ausbildung in Gera","Ausbildungsplatz","Kauffrau","Logistik","Spedition"],"articleSection":["Ausbildung"],"inLanguage":"de"},{"@type":"WebPage","@id":"https:\/\/old.moebeltransporte.lindnersolutions.de\/kaufmann-kauffrau-m-w-d-fuer-spedition-und-logistikdienstleistung\/","url":"https:\/\/old.moebeltransporte.lindnersolutions.de\/kaufmann-kauffrau-m-w-d-fuer-spedition-und-logistikdienstleistung\/","name":"Kaufmann\/Kauffrau (m\/w\/d) f\u00fcr Spedition und Logistikdienstleistung","isPartOf":{"@id":"https:\/\/old.moebeltransporte.lindnersolutions.de\/#website"},"primaryImageOfPage":{"@id":"https:\/\/old.moebeltransporte.lindnersolutions.de\/kaufmann-kauffrau-m-w-d-fuer-spedition-und-logistikdienstleistung\/#primaryimage"},"image":{"@id":"https:\/\/old.moebeltransporte.lindnersolutions.de\/kaufmann-kauffrau-m-w-d-fuer-spedition-und-logistikdienstleistung\/#primaryimage"},"thumbnailUrl":"https:\/\/old.moebeltransporte.lindnersolutions.de\/wp-content\/uploads\/2022\/01\/2023.05.06-08-STARKE-69.jpg","datePublished":"2022-01-02T11:01:38+00:00","dateModified":"2023-06-23T11:16:33+00:00","description":"Das Aufgabengebiet umfasst im Wesentlichen die Disposition der LKW-Flotte im regionalen und \u00fcberregionalen G\u00fcterverkehr. Das beinhaltet die","breadcrumb":{"@id":"https:\/\/old.moebeltransporte.lindnersolutions.de\/kaufmann-kauffrau-m-w-d-fuer-spedition-und-logistikdienstleistung\/#breadcrumb"},"inLanguage":"de","potentialAction":[{"@type":"ReadAction","target":["https:\/\/old.moebeltransporte.lindnersolutions.de\/kaufmann-kauffrau-m-w-d-fuer-spedition-und-logistikdienstleistung\/"]}]},{"@type":"ImageObject","inLanguage":"de","@id":"https:\/\/old.moebeltransporte.lindnersolutions.de\/kaufmann-kauffrau-m-w-d-fuer-spedition-und-logistikdienstleistung\/#primaryimage","url":"https:\/\/old.moebeltransporte.lindnersolutions.de\/wp-content\/uploads\/2022\/01\/2023.05.06-08-STARKE-69.jpg","contentUrl":"https:\/\/old.moebeltransporte.lindnersolutions.de\/wp-content\/uploads\/2022\/01\/2023.05.06-08-STARKE-69.jpg","width":2200,"height":1467,"caption":"Azubi bei STARKE"},{"@type":"BreadcrumbList","@id":"https:\/\/old.moebeltransporte.lindnersolutions.de\/kaufmann-kauffrau-m-w-d-fuer-spedition-und-logistikdienstleistung\/#breadcrumb","itemListElement":[{"@type":"ListItem","position":1,"name":"Startseite","item":"https:\/\/old.moebeltransporte.lindnersolutions.de\/"},{"@type":"ListItem","position":2,"name":"Kaufmann\/Kauffrau (m\/w\/d) f\u00fcr Spedition und Logistikdienstleistung"}]},{"@type":"WebSite","@id":"https:\/\/old.moebeltransporte.lindnersolutions.de\/#website","url":"https:\/\/old.moebeltransporte.lindnersolutions.de\/","name":"STARKE M\u00f6beltransporte GmbH","description":"Die STARKE M\u00f6beltransport GmbH ist Mitglied im Bundesverband M\u00f6belspedition und Logistik (AM\u00d6) e.V. Mehr Sicherheit f\u00fcr Ihren Umzug geht nicht.","publisher":{"@id":"https:\/\/old.moebeltransporte.lindnersolutions.de\/#organization"},"potentialAction":[{"@type":"SearchAction","target":{"@type":"EntryPoint","urlTemplate":"https:\/\/old.moebeltransporte.lindnersolutions.de\/?s={search_term_string}"},"query-input":{"@type":"PropertyValueSpecification","valueRequired":true,"valueName":"search_term_string"}}],"inLanguage":"de"},{"@type":"Organization","@id":"https:\/\/old.moebeltransporte.lindnersolutions.de\/#organization","name":"STARKE M\u00f6beltransporte GmbH","url":"https:\/\/old.moebeltransporte.lindnersolutions.de\/","logo":{"@type":"ImageObject","inLanguage":"de","@id":"https:\/\/old.moebeltransporte.lindnersolutions.de\/#\/schema\/logo\/image\/","url":"https:\/\/old.moebeltransporte.lindnersolutions.de\/wp-content\/uploads\/2023\/05\/Starke-Logos.png","contentUrl":"https:\/\/old.moebeltransporte.lindnersolutions.de\/wp-content\/uploads\/2023\/05\/Starke-Logos.png","width":945,"height":213,"caption":"STARKE M\u00f6beltransporte GmbH"},"image":{"@id":"https:\/\/old.moebeltransporte.lindnersolutions.de\/#\/schema\/logo\/image\/"},"sameAs":["https:\/\/www.facebook.com\/starkegera","https:\/\/www.instagram.com\/"]},{"@type":"Person","@id":"https:\/\/old.moebeltransporte.lindnersolutions.de\/#\/schema\/person\/85d53581b370bdd140fe118f77f085a8","name":"Starke","sameAs":["https:\/\/old.moebeltransporte.lindnersolutions.de"],"url":"https:\/\/old.moebeltransporte.lindnersolutions.de\/author\/starke\/"}]}},"_links":{"self":[{"href":"https:\/\/old.moebeltransporte.lindnersolutions.de\/wp-json\/wp\/v2\/posts\/5879","targetHints":{"allow":["GET"]}}],"collection":[{"href":"https:\/\/old.moebeltransporte.lindnersolutions.de\/wp-json\/wp\/v2\/posts"}],"about":[{"href":"https:\/\/old.moebeltransporte.lindnersolutions.de\/wp-json\/wp\/v2\/types\/post"}],"author":[{"embeddable":true,"href":"https:\/\/old.moebeltransporte.lindnersolutions.de\/wp-json\/wp\/v2\/users\/1"}],"replies":[{"embeddable":true,"href":"https:\/\/old.moebeltransporte.lindnersolutions.de\/wp-json\/wp\/v2\/comments?post=5879"}],"version-history":[{"count":0,"href":"https:\/\/old.moebeltransporte.lindnersolutions.de\/wp-json\/wp\/v2\/posts\/5879\/revisions"}],"wp:featuredmedia":[{"embeddable":true,"href":"https:\/\/old.moebeltransporte.lindnersolutions.de\/wp-json\/wp\/v2\/media\/6808"}],"wp:attachment":[{"href":"https:\/\/old.moebeltransporte.lindnersolutions.de\/wp-json\/wp\/v2\/media?parent=5879"}],"wp:term":[{"taxonomy":"category","embeddable":true,"href":"https:\/\/old.moebeltransporte.lindnersolutions.de\/wp-json\/wp\/v2\/categories?post=5879"},{"taxonomy":"post_tag","embeddable":true,"href":"https:\/\/old.moebeltransporte.lindnersolutions.de\/wp-json\/wp\/v2\/tags?post=5879"}],"curies":[{"name":"wp","href":"https:\/\/api.w.org\/{rel}","templated":true}]}}