{"id":6313,"date":"2021-02-05T18:47:18","date_gmt":"2021-02-05T17:47:18","guid":{"rendered":"https:\/\/old.moebeltransporte.lindnersolutions.de\/?p=6313"},"modified":"2025-04-23T16:58:08","modified_gmt":"2025-04-23T14:58:08","slug":"fachkraft-m-w-d-fuer-lagerlogistik","status":"publish","type":"post","link":"https:\/\/old.moebeltransporte.lindnersolutions.de\/fachkraft-m-w-d-fuer-lagerlogistik\/","title":{"rendered":"Fachkraft (m\/w\/d) f\u00fcr Lagerlogistik"},"content":{"rendered":"<h6>Wir bilden Dich aus:<\/h6>\n<h2>Fachkraft (m\/w\/d) f\u00fcr Lagerlogistik<\/h2>\n<h3>T\u00e4tigkeitsbeschreibung<\/h3>\n<p>Das Aufgabengebiet umfasst im Wesentlichen das Be- und Entladen von LKWs und Wechselbr\u00fccken, die fachgerechte Einlagerung gem\u00e4\u00df Lagerordnung, die Kontrolle und Annahme von Retouren, die Kommissionierung anhand von Tourenpl\u00e4nen und die Verschlusssicherung des gesamten Objektes.<\/p>\n<h3>Voraussetzungen<\/h3>\n<p>Mindestens qualifizierter Hauptschulabschluss, idealerweise mittlere Reife. Du solltest k\u00f6rperlich belastbar und teamf\u00e4hig sein.<\/p>\n<h3>Interessen und Neigungen f\u00fcr diesen Beruf<\/h3>\n<p>Bei Wahl dieses Berufsfeldes solltest Du Interesse haben an:<\/p>\n<ul>\n<li>Pr\u00fcfung und Kontrolle der ein- und ausgehenden Waren<\/li>\n<li>Planung der Lagerpl\u00e4tze und Organisation der LKW-Entladung<\/li>\n<li>Praktische Verpackungst\u00e4tigkeiten (z. B. Verpacken und Verladen von G\u00fctern)<\/li>\n<li>Umgang mit Daten und Zahlen (z. B. Lagerkennziffern berechnen und Inventuren durchf\u00fchren)<\/li>\n<\/ul>\n<p><strong>Ausbildungsverg\u00fctung<\/strong><\/p>\n<ol>\n<li>Ausbildungsjahr\u00a0 \u00a0820,00 EUR<\/li>\n<li>Ausbildungsjahr\u00a0 \u00a0920,00 EUR<\/li>\n<li>Ausbildungsjahr 1020,00 EUR<\/li>\n<\/ol>\n<p>Bei \u00fcberdurchschnittlichen Leistungen zahlen wir zus\u00e4tzlich zur Ausbildungsverg\u00fctung eine Pr\u00e4mie. Alle mit der Ausbildung verbundenen Kosten werden von uns \u00fcbernommen.<\/p>\n<h3>Weitere Informationen<\/h3>\n<p>Wir bieten Dir die M\u00f6glichkeit und die Chance, einen sehr interessanten, vielseitigen und damit sehr abwechslungsreichen Ausbildungsberuf zu erlernen. Dar\u00fcber hinaus erh\u00e4ltst Du im Rahmen der M\u00f6glichkeiten externe Fort- und Weiterbildungen.<\/p>\n<p>Wir freuen uns auf Deine Bewerbung!<\/p>\n<p>Bitte habe Verst\u00e4ndnis daf\u00fcr, dass wir keine Kosten f\u00fcr Vorstellungsgespr\u00e4che \u00fcbernehmen. Bewerbungen in Papierform werden nicht zur\u00fcckgesandt.<\/p>\n<h3>Dein Ansprechpartner<\/h3>\n<p><strong>Jens Amlacher<\/strong><\/p>\n<p>STARKE M\u00f6beltransporte GmbH<br \/>\nLeibnizstra\u00dfe 74<br \/>\n07548 Gera<\/p>\n<p>Telefon: <a href=\"tel:+4936554854226\" target=\"_blank\" rel=\"noopener\">0365-54854226<\/a><br \/>\nMobil: <a href=\"tel:+491712220911\" target=\"_blank\" rel=\"noopener\">0171-2220911<\/a><\/p>\n<p>Mail: <a href=\"mailto:personal@old.moebeltransporte.lindnersolutions.de\">personal@old.moebeltransporte.lindnersolutions.de<\/a><\/p>\n<h3 class=\"gelb\">Online bewerben<\/h3>\n<p>Nutze unser Online-Formular, um Dich schnell und unkompliziert bei uns zu bewerben.<\/p>\n<a class=\"nectar-button n-sc-button large see-through-2 has-icon\" target=\"_blank\" href=\"https:\/\/old.moebeltransporte.lindnersolutions.de\/onlinebewerbung\/\" data-color-override=\"#043771\"  data-hover-color-override=\"#043771\" data-hover-text-color-override=\"#fff\"><span>Zur Online Bewerbung<\/span><i class=\"iconsmind-Mail-Forward\"><\/i><\/a>\n","protected":false},"excerpt":{"rendered":"<p>Wir bilden Dich aus: Fachkraft (m\/w\/d) f\u00fcr Lagerlogistik T\u00e4tigkeitsbeschreibung Das Aufgabengebiet umfasst im Wesentlichen das Be- und Entladen von LKWs und Wechselbr\u00fccken, die fachgerechte Einlagerung gem\u00e4\u00df Lagerordnung, die Kontrolle und&#8230;<\/p>\n","protected":false},"author":1,"featured_media":6815,"comment_status":"closed","ping_status":"open","sticky":false,"template":"","format":"standard","meta":{"footnotes":""},"categories":[25],"tags":[28,26,27,29],"class_list":{"0":"post-6313","1":"post","2":"type-post","3":"status-publish","4":"format-standard","5":"has-post-thumbnail","7":"category-ausbildung","8":"tag-ausbildung","9":"tag-ausbildung-in-gera","10":"tag-ausbildungsplatz","11":"tag-fachkraft-fuer-lager-logistik"},"yoast_head":"<!-- This site is optimized with the Yoast SEO plugin v27.5 - https:\/\/yoast.com\/product\/yoast-seo-wordpress\/ -->\n<title>Fachkraft (m\/w\/d) f\u00fcr Lagerlogistik - STARKE M\u00f6beltransporte GmbH<\/title>\n<meta name=\"description\" content=\"Das Aufgabengebiet umfasst im Wesentlichen das Be- und Entladen von LKWs und Wechselbr\u00fccken und die fachgerechte Einlagerung.\" \/>\n<meta name=\"robots\" content=\"index, follow, max-snippet:-1, max-image-preview:large, max-video-preview:-1\" \/>\n<link rel=\"canonical\" href=\"https:\/\/old.moebeltransporte.lindnersolutions.de\/fachkraft-m-w-d-fuer-lagerlogistik\/\" \/>\n<meta property=\"og:locale\" content=\"de_DE\" \/>\n<meta property=\"og:type\" content=\"article\" \/>\n<meta property=\"og:title\" content=\"Fachkraft (m\/w\/d) f\u00fcr Lagerlogistik - STARKE M\u00f6beltransporte GmbH\" \/>\n<meta property=\"og:description\" content=\"Das Aufgabengebiet umfasst im Wesentlichen das Be- und Entladen von LKWs und Wechselbr\u00fccken und die fachgerechte Einlagerung.\" \/>\n<meta property=\"og:url\" content=\"https:\/\/old.moebeltransporte.lindnersolutions.de\/fachkraft-m-w-d-fuer-lagerlogistik\/\" \/>\n<meta property=\"og:site_name\" content=\"STARKE M\u00f6beltransporte GmbH\" \/>\n<meta property=\"article:publisher\" content=\"https:\/\/www.facebook.com\/starkegera\" \/>\n<meta property=\"article:published_time\" content=\"2021-02-05T17:47:18+00:00\" \/>\n<meta property=\"article:modified_time\" content=\"2025-04-23T14:58:08+00:00\" \/>\n<meta property=\"og:image\" content=\"https:\/\/old.moebeltransporte.lindnersolutions.de\/wp-content\/uploads\/2023\/05\/01.jpg\" \/>\n\t<meta property=\"og:image:width\" content=\"1200\" \/>\n\t<meta property=\"og:image:height\" content=\"1251\" \/>\n\t<meta property=\"og:image:type\" content=\"image\/jpeg\" \/>\n<meta name=\"author\" content=\"Starke\" \/>\n<meta name=\"twitter:card\" content=\"summary_large_image\" \/>\n<meta name=\"twitter:label1\" content=\"Verfasst von\" \/>\n\t<meta name=\"twitter:data1\" content=\"Starke\" \/>\n\t<meta name=\"twitter:label2\" content=\"Gesch\u00e4tzte Lesezeit\" \/>\n\t<meta name=\"twitter:data2\" content=\"2\u00a0Minuten\" \/>\n<script type=\"application\/ld+json\" class=\"yoast-schema-graph\">{\"@context\":\"https:\\\/\\\/schema.org\",\"@graph\":[{\"@type\":\"Article\",\"@id\":\"https:\\\/\\\/old.moebeltransporte.lindnersolutions.de\\\/fachkraft-m-w-d-fuer-lagerlogistik\\\/#article\",\"isPartOf\":{\"@id\":\"https:\\\/\\\/old.moebeltransporte.lindnersolutions.de\\\/fachkraft-m-w-d-fuer-lagerlogistik\\\/\"},\"author\":{\"name\":\"Starke\",\"@id\":\"https:\\\/\\\/old.moebeltransporte.lindnersolutions.de\\\/#\\\/schema\\\/person\\\/85d53581b370bdd140fe118f77f085a8\"},\"headline\":\"Fachkraft (m\\\/w\\\/d) f\u00fcr Lagerlogistik\",\"datePublished\":\"2021-02-05T17:47:18+00:00\",\"dateModified\":\"2025-04-23T14:58:08+00:00\",\"mainEntityOfPage\":{\"@id\":\"https:\\\/\\\/old.moebeltransporte.lindnersolutions.de\\\/fachkraft-m-w-d-fuer-lagerlogistik\\\/\"},\"wordCount\":293,\"publisher\":{\"@id\":\"https:\\\/\\\/old.moebeltransporte.lindnersolutions.de\\\/#organization\"},\"image\":{\"@id\":\"https:\\\/\\\/old.moebeltransporte.lindnersolutions.de\\\/fachkraft-m-w-d-fuer-lagerlogistik\\\/#primaryimage\"},\"thumbnailUrl\":\"https:\\\/\\\/old.moebeltransporte.lindnersolutions.de\\\/wp-content\\\/uploads\\\/2023\\\/05\\\/01.jpg\",\"keywords\":[\"Ausbildung\",\"Ausbildung in Gera\",\"Ausbildungsplatz\",\"Fachkraft f\u00fcr Lager-Logistik\"],\"articleSection\":[\"Ausbildung\"],\"inLanguage\":\"de\"},{\"@type\":\"WebPage\",\"@id\":\"https:\\\/\\\/old.moebeltransporte.lindnersolutions.de\\\/fachkraft-m-w-d-fuer-lagerlogistik\\\/\",\"url\":\"https:\\\/\\\/old.moebeltransporte.lindnersolutions.de\\\/fachkraft-m-w-d-fuer-lagerlogistik\\\/\",\"name\":\"Fachkraft (m\\\/w\\\/d) f\u00fcr Lagerlogistik - STARKE M\u00f6beltransporte GmbH\",\"isPartOf\":{\"@id\":\"https:\\\/\\\/old.moebeltransporte.lindnersolutions.de\\\/#website\"},\"primaryImageOfPage\":{\"@id\":\"https:\\\/\\\/old.moebeltransporte.lindnersolutions.de\\\/fachkraft-m-w-d-fuer-lagerlogistik\\\/#primaryimage\"},\"image\":{\"@id\":\"https:\\\/\\\/old.moebeltransporte.lindnersolutions.de\\\/fachkraft-m-w-d-fuer-lagerlogistik\\\/#primaryimage\"},\"thumbnailUrl\":\"https:\\\/\\\/old.moebeltransporte.lindnersolutions.de\\\/wp-content\\\/uploads\\\/2023\\\/05\\\/01.jpg\",\"datePublished\":\"2021-02-05T17:47:18+00:00\",\"dateModified\":\"2025-04-23T14:58:08+00:00\",\"description\":\"Das Aufgabengebiet umfasst im Wesentlichen das Be- und Entladen von LKWs und Wechselbr\u00fccken und die fachgerechte Einlagerung.\",\"breadcrumb\":{\"@id\":\"https:\\\/\\\/old.moebeltransporte.lindnersolutions.de\\\/fachkraft-m-w-d-fuer-lagerlogistik\\\/#breadcrumb\"},\"inLanguage\":\"de\",\"potentialAction\":[{\"@type\":\"ReadAction\",\"target\":[\"https:\\\/\\\/old.moebeltransporte.lindnersolutions.de\\\/fachkraft-m-w-d-fuer-lagerlogistik\\\/\"]}]},{\"@type\":\"ImageObject\",\"inLanguage\":\"de\",\"@id\":\"https:\\\/\\\/old.moebeltransporte.lindnersolutions.de\\\/fachkraft-m-w-d-fuer-lagerlogistik\\\/#primaryimage\",\"url\":\"https:\\\/\\\/old.moebeltransporte.lindnersolutions.de\\\/wp-content\\\/uploads\\\/2023\\\/05\\\/01.jpg\",\"contentUrl\":\"https:\\\/\\\/old.moebeltransporte.lindnersolutions.de\\\/wp-content\\\/uploads\\\/2023\\\/05\\\/01.jpg\",\"width\":1200,\"height\":1251,\"caption\":\"Lager\"},{\"@type\":\"BreadcrumbList\",\"@id\":\"https:\\\/\\\/old.moebeltransporte.lindnersolutions.de\\\/fachkraft-m-w-d-fuer-lagerlogistik\\\/#breadcrumb\",\"itemListElement\":[{\"@type\":\"ListItem\",\"position\":1,\"name\":\"Startseite\",\"item\":\"https:\\\/\\\/old.moebeltransporte.lindnersolutions.de\\\/\"},{\"@type\":\"ListItem\",\"position\":2,\"name\":\"Fachkraft (m\\\/w\\\/d) f\u00fcr Lagerlogistik\"}]},{\"@type\":\"WebSite\",\"@id\":\"https:\\\/\\\/old.moebeltransporte.lindnersolutions.de\\\/#website\",\"url\":\"https:\\\/\\\/old.moebeltransporte.lindnersolutions.de\\\/\",\"name\":\"STARKE M\u00f6beltransporte GmbH\",\"description\":\"Die STARKE M\u00f6beltransport GmbH ist Mitglied im Bundesverband M\u00f6belspedition und Logistik (AM\u00d6) e.V. Mehr Sicherheit f\u00fcr Ihren Umzug geht nicht.\",\"publisher\":{\"@id\":\"https:\\\/\\\/old.moebeltransporte.lindnersolutions.de\\\/#organization\"},\"potentialAction\":[{\"@type\":\"SearchAction\",\"target\":{\"@type\":\"EntryPoint\",\"urlTemplate\":\"https:\\\/\\\/old.moebeltransporte.lindnersolutions.de\\\/?s={search_term_string}\"},\"query-input\":{\"@type\":\"PropertyValueSpecification\",\"valueRequired\":true,\"valueName\":\"search_term_string\"}}],\"inLanguage\":\"de\"},{\"@type\":\"Organization\",\"@id\":\"https:\\\/\\\/old.moebeltransporte.lindnersolutions.de\\\/#organization\",\"name\":\"STARKE M\u00f6beltransporte GmbH\",\"url\":\"https:\\\/\\\/old.moebeltransporte.lindnersolutions.de\\\/\",\"logo\":{\"@type\":\"ImageObject\",\"inLanguage\":\"de\",\"@id\":\"https:\\\/\\\/old.moebeltransporte.lindnersolutions.de\\\/#\\\/schema\\\/logo\\\/image\\\/\",\"url\":\"https:\\\/\\\/old.moebeltransporte.lindnersolutions.de\\\/wp-content\\\/uploads\\\/2023\\\/05\\\/Starke-Logos.png\",\"contentUrl\":\"https:\\\/\\\/old.moebeltransporte.lindnersolutions.de\\\/wp-content\\\/uploads\\\/2023\\\/05\\\/Starke-Logos.png\",\"width\":945,\"height\":213,\"caption\":\"STARKE M\u00f6beltransporte GmbH\"},\"image\":{\"@id\":\"https:\\\/\\\/old.moebeltransporte.lindnersolutions.de\\\/#\\\/schema\\\/logo\\\/image\\\/\"},\"sameAs\":[\"https:\\\/\\\/www.facebook.com\\\/starkegera\",\"https:\\\/\\\/www.instagram.com\\\/\"]},{\"@type\":\"Person\",\"@id\":\"https:\\\/\\\/old.moebeltransporte.lindnersolutions.de\\\/#\\\/schema\\\/person\\\/85d53581b370bdd140fe118f77f085a8\",\"name\":\"Starke\",\"sameAs\":[\"https:\\\/\\\/old.moebeltransporte.lindnersolutions.de\"],\"url\":\"https:\\\/\\\/old.moebeltransporte.lindnersolutions.de\\\/author\\\/starke\\\/\"}]}<\/script>\n<!-- \/ Yoast SEO plugin. -->","yoast_head_json":{"title":"Fachkraft (m\/w\/d) f\u00fcr Lagerlogistik - STARKE M\u00f6beltransporte GmbH","description":"Das Aufgabengebiet umfasst im Wesentlichen das Be- und Entladen von LKWs und Wechselbr\u00fccken und die fachgerechte Einlagerung.","robots":{"index":"index","follow":"follow","max-snippet":"max-snippet:-1","max-image-preview":"max-image-preview:large","max-video-preview":"max-video-preview:-1"},"canonical":"https:\/\/old.moebeltransporte.lindnersolutions.de\/fachkraft-m-w-d-fuer-lagerlogistik\/","og_locale":"de_DE","og_type":"article","og_title":"Fachkraft (m\/w\/d) f\u00fcr Lagerlogistik - STARKE M\u00f6beltransporte GmbH","og_description":"Das Aufgabengebiet umfasst im Wesentlichen das Be- und Entladen von LKWs und Wechselbr\u00fccken und die fachgerechte Einlagerung.","og_url":"https:\/\/old.moebeltransporte.lindnersolutions.de\/fachkraft-m-w-d-fuer-lagerlogistik\/","og_site_name":"STARKE M\u00f6beltransporte GmbH","article_publisher":"https:\/\/www.facebook.com\/starkegera","article_published_time":"2021-02-05T17:47:18+00:00","article_modified_time":"2025-04-23T14:58:08+00:00","og_image":[{"width":1200,"height":1251,"url":"https:\/\/old.moebeltransporte.lindnersolutions.de\/wp-content\/uploads\/2023\/05\/01.jpg","type":"image\/jpeg"}],"author":"Starke","twitter_card":"summary_large_image","twitter_misc":{"Verfasst von":"Starke","Gesch\u00e4tzte Lesezeit":"2\u00a0Minuten"},"schema":{"@context":"https:\/\/schema.org","@graph":[{"@type":"Article","@id":"https:\/\/old.moebeltransporte.lindnersolutions.de\/fachkraft-m-w-d-fuer-lagerlogistik\/#article","isPartOf":{"@id":"https:\/\/old.moebeltransporte.lindnersolutions.de\/fachkraft-m-w-d-fuer-lagerlogistik\/"},"author":{"name":"Starke","@id":"https:\/\/old.moebeltransporte.lindnersolutions.de\/#\/schema\/person\/85d53581b370bdd140fe118f77f085a8"},"headline":"Fachkraft (m\/w\/d) f\u00fcr Lagerlogistik","datePublished":"2021-02-05T17:47:18+00:00","dateModified":"2025-04-23T14:58:08+00:00","mainEntityOfPage":{"@id":"https:\/\/old.moebeltransporte.lindnersolutions.de\/fachkraft-m-w-d-fuer-lagerlogistik\/"},"wordCount":293,"publisher":{"@id":"https:\/\/old.moebeltransporte.lindnersolutions.de\/#organization"},"image":{"@id":"https:\/\/old.moebeltransporte.lindnersolutions.de\/fachkraft-m-w-d-fuer-lagerlogistik\/#primaryimage"},"thumbnailUrl":"https:\/\/old.moebeltransporte.lindnersolutions.de\/wp-content\/uploads\/2023\/05\/01.jpg","keywords":["Ausbildung","Ausbildung in Gera","Ausbildungsplatz","Fachkraft f\u00fcr Lager-Logistik"],"articleSection":["Ausbildung"],"inLanguage":"de"},{"@type":"WebPage","@id":"https:\/\/old.moebeltransporte.lindnersolutions.de\/fachkraft-m-w-d-fuer-lagerlogistik\/","url":"https:\/\/old.moebeltransporte.lindnersolutions.de\/fachkraft-m-w-d-fuer-lagerlogistik\/","name":"Fachkraft (m\/w\/d) f\u00fcr Lagerlogistik - STARKE M\u00f6beltransporte GmbH","isPartOf":{"@id":"https:\/\/old.moebeltransporte.lindnersolutions.de\/#website"},"primaryImageOfPage":{"@id":"https:\/\/old.moebeltransporte.lindnersolutions.de\/fachkraft-m-w-d-fuer-lagerlogistik\/#primaryimage"},"image":{"@id":"https:\/\/old.moebeltransporte.lindnersolutions.de\/fachkraft-m-w-d-fuer-lagerlogistik\/#primaryimage"},"thumbnailUrl":"https:\/\/old.moebeltransporte.lindnersolutions.de\/wp-content\/uploads\/2023\/05\/01.jpg","datePublished":"2021-02-05T17:47:18+00:00","dateModified":"2025-04-23T14:58:08+00:00","description":"Das Aufgabengebiet umfasst im Wesentlichen das Be- und Entladen von LKWs und Wechselbr\u00fccken und die fachgerechte Einlagerung.","breadcrumb":{"@id":"https:\/\/old.moebeltransporte.lindnersolutions.de\/fachkraft-m-w-d-fuer-lagerlogistik\/#breadcrumb"},"inLanguage":"de","potentialAction":[{"@type":"ReadAction","target":["https:\/\/old.moebeltransporte.lindnersolutions.de\/fachkraft-m-w-d-fuer-lagerlogistik\/"]}]},{"@type":"ImageObject","inLanguage":"de","@id":"https:\/\/old.moebeltransporte.lindnersolutions.de\/fachkraft-m-w-d-fuer-lagerlogistik\/#primaryimage","url":"https:\/\/old.moebeltransporte.lindnersolutions.de\/wp-content\/uploads\/2023\/05\/01.jpg","contentUrl":"https:\/\/old.moebeltransporte.lindnersolutions.de\/wp-content\/uploads\/2023\/05\/01.jpg","width":1200,"height":1251,"caption":"Lager"},{"@type":"BreadcrumbList","@id":"https:\/\/old.moebeltransporte.lindnersolutions.de\/fachkraft-m-w-d-fuer-lagerlogistik\/#breadcrumb","itemListElement":[{"@type":"ListItem","position":1,"name":"Startseite","item":"https:\/\/old.moebeltransporte.lindnersolutions.de\/"},{"@type":"ListItem","position":2,"name":"Fachkraft (m\/w\/d) f\u00fcr Lagerlogistik"}]},{"@type":"WebSite","@id":"https:\/\/old.moebeltransporte.lindnersolutions.de\/#website","url":"https:\/\/old.moebeltransporte.lindnersolutions.de\/","name":"STARKE M\u00f6beltransporte GmbH","description":"Die STARKE M\u00f6beltransport GmbH ist Mitglied im Bundesverband M\u00f6belspedition und Logistik (AM\u00d6) e.V. Mehr Sicherheit f\u00fcr Ihren Umzug geht nicht.","publisher":{"@id":"https:\/\/old.moebeltransporte.lindnersolutions.de\/#organization"},"potentialAction":[{"@type":"SearchAction","target":{"@type":"EntryPoint","urlTemplate":"https:\/\/old.moebeltransporte.lindnersolutions.de\/?s={search_term_string}"},"query-input":{"@type":"PropertyValueSpecification","valueRequired":true,"valueName":"search_term_string"}}],"inLanguage":"de"},{"@type":"Organization","@id":"https:\/\/old.moebeltransporte.lindnersolutions.de\/#organization","name":"STARKE M\u00f6beltransporte GmbH","url":"https:\/\/old.moebeltransporte.lindnersolutions.de\/","logo":{"@type":"ImageObject","inLanguage":"de","@id":"https:\/\/old.moebeltransporte.lindnersolutions.de\/#\/schema\/logo\/image\/","url":"https:\/\/old.moebeltransporte.lindnersolutions.de\/wp-content\/uploads\/2023\/05\/Starke-Logos.png","contentUrl":"https:\/\/old.moebeltransporte.lindnersolutions.de\/wp-content\/uploads\/2023\/05\/Starke-Logos.png","width":945,"height":213,"caption":"STARKE M\u00f6beltransporte GmbH"},"image":{"@id":"https:\/\/old.moebeltransporte.lindnersolutions.de\/#\/schema\/logo\/image\/"},"sameAs":["https:\/\/www.facebook.com\/starkegera","https:\/\/www.instagram.com\/"]},{"@type":"Person","@id":"https:\/\/old.moebeltransporte.lindnersolutions.de\/#\/schema\/person\/85d53581b370bdd140fe118f77f085a8","name":"Starke","sameAs":["https:\/\/old.moebeltransporte.lindnersolutions.de"],"url":"https:\/\/old.moebeltransporte.lindnersolutions.de\/author\/starke\/"}]}},"_links":{"self":[{"href":"https:\/\/old.moebeltransporte.lindnersolutions.de\/wp-json\/wp\/v2\/posts\/6313","targetHints":{"allow":["GET"]}}],"collection":[{"href":"https:\/\/old.moebeltransporte.lindnersolutions.de\/wp-json\/wp\/v2\/posts"}],"about":[{"href":"https:\/\/old.moebeltransporte.lindnersolutions.de\/wp-json\/wp\/v2\/types\/post"}],"author":[{"embeddable":true,"href":"https:\/\/old.moebeltransporte.lindnersolutions.de\/wp-json\/wp\/v2\/users\/1"}],"replies":[{"embeddable":true,"href":"https:\/\/old.moebeltransporte.lindnersolutions.de\/wp-json\/wp\/v2\/comments?post=6313"}],"version-history":[{"count":0,"href":"https:\/\/old.moebeltransporte.lindnersolutions.de\/wp-json\/wp\/v2\/posts\/6313\/revisions"}],"wp:featuredmedia":[{"embeddable":true,"href":"https:\/\/old.moebeltransporte.lindnersolutions.de\/wp-json\/wp\/v2\/media\/6815"}],"wp:attachment":[{"href":"https:\/\/old.moebeltransporte.lindnersolutions.de\/wp-json\/wp\/v2\/media?parent=6313"}],"wp:term":[{"taxonomy":"category","embeddable":true,"href":"https:\/\/old.moebeltransporte.lindnersolutions.de\/wp-json\/wp\/v2\/categories?post=6313"},{"taxonomy":"post_tag","embeddable":true,"href":"https:\/\/old.moebeltransporte.lindnersolutions.de\/wp-json\/wp\/v2\/tags?post=6313"}],"curies":[{"name":"wp","href":"https:\/\/api.w.org\/{rel}","templated":true}]}}