{"id":6315,"date":"2023-01-05T18:56:33","date_gmt":"2023-01-05T17:56:33","guid":{"rendered":"https:\/\/old.moebeltransporte.lindnersolutions.de\/?p=6315"},"modified":"2025-04-08T18:06:59","modified_gmt":"2025-04-08T16:06:59","slug":"berufskraftfahrer-m-w-d","status":"publish","type":"post","link":"https:\/\/old.moebeltransporte.lindnersolutions.de\/berufskraftfahrer-m-w-d\/","title":{"rendered":"Berufskraftfahrer (m\/w\/d)"},"content":{"rendered":"<h6>Wir bilden Dich aus:<\/h6>\n<h1>Berufskraftfahrer (m\/w\/d)<\/h1>\n<h3>T\u00e4tigkeitsbeschreibung<\/h3>\n<p>Berufskraftfahrer beherrschen nicht nur ihre Fahrzeuge, sondern verstehen auch viel von der Fahrzeugtechnik. Sie planen ihre Touren, wissen, worauf es beim Transport der verschiedenen G\u00fcter und Personen ankommt und kennen sich mit Grenzformalit\u00e4ten und Verkehrsbestimmungen im Ausland aus. Bei ihrer Arbeit tragen sie eine gro\u00dfe Verantwortung f\u00fcr Mensch und Umwelt. Verkehrssicherheit und Umweltschutz haben f\u00fcr sie deshalb oberste Priorit\u00e4t.<\/p>\n<p>Im Nahverkehr sind wir in der Zustellung von Versandhandelsartikeln (Ausliefern, Aufstellen und Montieren von M\u00f6beln, K\u00fcchen und Elektroartikeln) t\u00e4tig.<\/p>\n<p>Im Fernverkehr beliefern wir Lager- und Verteilzentren sowie Einzelkunden mit M\u00f6beln in ganz Deutschland.<\/p>\n<h3>Voraussetzungen<\/h3>\n<p>Mindestens qualifizierter Hauptschulabschluss, idealerweise mittlere Reife. Du solltest k\u00f6rperlich belastbar sein und Spa\u00df am Fahren haben. Wegen der F\u00fchrerscheinausbildung solltest Du mindestens 17 Jahre alt sein.<\/p>\n<h3>Berufliche Interessen und Neigungen<\/h3>\n<p>Wenn du Dich f\u00fcr dieses Berufsfeld entscheidest, solltest du Interesse haben an:<\/p>\n<ul>\n<li>Umgang mit technischen Ger\u00e4ten, Maschinen und Anlagen<\/li>\n<li>Planen und Organisieren (Routenplanung in Kenntnis der lokalen Verh\u00e4ltnisse, vorgeschriebene Ruhezeiten in Touren und Liefertermine einplanen)<\/li>\n<li>T\u00e4tigkeiten mit k\u00f6rperlichem Einsatz (z. B. Transport von Kasten- und Polsterm\u00f6beln)<\/li>\n<\/ul>\n<h3><strong>Ausbildungsverg\u00fctung<\/strong><\/h3>\n<ol>\n<li>Ausbildungsjahr\u00a0 \u00a0820,00 EUR<\/li>\n<li>Ausbildungsjahr\u00a0 \u00a0920,00 EUR<\/li>\n<li>Ausbildungsjahr 1020,00 EUR<\/li>\n<\/ol>\n<p>Bei \u00fcberdurchschnittlichen Leistungen zahlen wir zus\u00e4tzlich zur Ausbildungsverg\u00fctung eine Pr\u00e4mie. Alle anfallenden Kosten f\u00fcr die Ausbildung werden selbstverst\u00e4ndlich von uns \u00fcbernommen.<\/p>\n<h3>Weitere Informationen und Kontakt<\/h3>\n<p>Wir bieten Dir die M\u00f6glichkeit und die Chance, einen sehr interessanten, vielseitigen und damit sehr abwechslungsreichen Ausbildungsberuf zu erlernen. Dar\u00fcber hinaus erh\u00e4ltst Du im Rahmen der M\u00f6glichkeiten externe Fort- und Weiterbildungen.<\/p>\n<p>Wir freuen uns auf Deine Bewerbung!<\/p>\n<p>Wir bitten um Verst\u00e4ndnis, dass wir keine Kosten \u00fcbernehmen, die durch das Vorstellungsgespr\u00e4ch entstehen. Bewerbungen in Papierform werden nicht zur\u00fcckgesandt.<\/p>\n<h3>Dein Ansprechpartner<\/h3>\n<p><strong>Jens Amlacher<\/strong><\/p>\n<p>STARKE M\u00f6beltransporte GmbH<br \/>\nLeibnizstra\u00dfe 74<br \/>\n07548 Gera<\/p>\n<p>Telefon: <a href=\"tel:+4936554854226\" target=\"_blank\" rel=\"noopener\">0365-54854226<\/a><br \/>\nMobil: <a href=\"tel:+491712220911\" target=\"_blank\" rel=\"noopener\">0171-2220911<\/a><br \/>\nMail: <a href=\"mailto:personal@old.moebeltransporte.lindnersolutions.de\">personal@old.moebeltransporte.lindnersolutions.de<\/a><\/p>\n<h3 class=\"gelb\">Online bewerben<\/h3>\n<p>Nutze unser Online-Formular, um Dich schnell und unkompliziert bei uns zu bewerben.<\/p>\n<a class=\"nectar-button n-sc-button large see-through-2 has-icon\" target=\"_blank\" href=\"https:\/\/old.moebeltransporte.lindnersolutions.de\/onlinebewerbung\/\" data-color-override=\"#043771\"  data-hover-color-override=\"#043771\" data-hover-text-color-override=\"#fff\"><span>Zur Online Bewerbung<\/span><i class=\"iconsmind-Mail-Forward\"><\/i><\/a>\n","protected":false},"excerpt":{"rendered":"<p>Wir bilden Dich aus: Berufskraftfahrer (m\/w\/d) T\u00e4tigkeitsbeschreibung Berufskraftfahrer beherrschen nicht nur ihre Fahrzeuge, sondern verstehen auch viel von der Fahrzeugtechnik. Sie planen ihre Touren, wissen, worauf es beim Transport der&#8230;<\/p>\n","protected":false},"author":1,"featured_media":7464,"comment_status":"closed","ping_status":"open","sticky":false,"template":"","format":"standard","meta":{"footnotes":""},"categories":[25],"tags":[28,26,27,30],"class_list":{"0":"post-6315","1":"post","2":"type-post","3":"status-publish","4":"format-standard","5":"has-post-thumbnail","7":"category-ausbildung","8":"tag-ausbildung","9":"tag-ausbildung-in-gera","10":"tag-ausbildungsplatz","11":"tag-berufskraftfahrer"},"yoast_head":"<!-- This site is optimized with the Yoast SEO plugin v27.5 - https:\/\/yoast.com\/product\/yoast-seo-wordpress\/ -->\n<title>Berufskraftfahrer (m\/w\/d) - STARKE M\u00f6beltransporte GmbH<\/title>\n<meta name=\"description\" content=\"Im Nahverkehr sind wir in der Auslieferung von Versandhausartikeln aktiv (ausfahren, aufstellen und montieren von M\u00f6beln, K\u00fcchen und Elektro\" \/>\n<meta name=\"robots\" content=\"noindex, follow, max-snippet:-1, max-image-preview:large, max-video-preview:-1\" \/>\n<meta property=\"og:locale\" content=\"de_DE\" \/>\n<meta property=\"og:type\" content=\"article\" \/>\n<meta property=\"og:title\" content=\"Berufskraftfahrer (m\/w\/d) - STARKE M\u00f6beltransporte GmbH\" \/>\n<meta property=\"og:description\" content=\"Im Nahverkehr sind wir in der Auslieferung von Versandhausartikeln aktiv (ausfahren, aufstellen und montieren von M\u00f6beln, K\u00fcchen und Elektro\" \/>\n<meta property=\"og:url\" content=\"https:\/\/old.moebeltransporte.lindnersolutions.de\/berufskraftfahrer-m-w-d\/\" \/>\n<meta property=\"og:site_name\" content=\"STARKE M\u00f6beltransporte GmbH\" \/>\n<meta property=\"article:publisher\" content=\"https:\/\/www.facebook.com\/starkegera\" \/>\n<meta property=\"article:published_time\" content=\"2023-01-05T17:56:33+00:00\" \/>\n<meta property=\"article:modified_time\" content=\"2025-04-08T16:06:59+00:00\" \/>\n<meta property=\"og:image\" content=\"https:\/\/old.moebeltransporte.lindnersolutions.de\/wp-content\/uploads\/2023\/06\/2023.05.06-08-STARKE-62.jpg\" \/>\n\t<meta property=\"og:image:width\" content=\"2400\" \/>\n\t<meta property=\"og:image:height\" content=\"1600\" \/>\n\t<meta property=\"og:image:type\" content=\"image\/jpeg\" \/>\n<meta name=\"author\" content=\"Starke\" \/>\n<meta name=\"twitter:card\" content=\"summary_large_image\" \/>\n<meta name=\"twitter:label1\" content=\"Verfasst von\" \/>\n\t<meta name=\"twitter:data1\" content=\"Starke\" \/>\n\t<meta name=\"twitter:label2\" content=\"Gesch\u00e4tzte Lesezeit\" \/>\n\t<meta name=\"twitter:data2\" content=\"2\u00a0Minuten\" \/>\n<script type=\"application\/ld+json\" class=\"yoast-schema-graph\">{\"@context\":\"https:\\\/\\\/schema.org\",\"@graph\":[{\"@type\":\"Article\",\"@id\":\"https:\\\/\\\/old.moebeltransporte.lindnersolutions.de\\\/berufskraftfahrer-m-w-d\\\/#article\",\"isPartOf\":{\"@id\":\"https:\\\/\\\/old.moebeltransporte.lindnersolutions.de\\\/berufskraftfahrer-m-w-d\\\/\"},\"author\":{\"name\":\"Starke\",\"@id\":\"https:\\\/\\\/old.moebeltransporte.lindnersolutions.de\\\/#\\\/schema\\\/person\\\/85d53581b370bdd140fe118f77f085a8\"},\"headline\":\"Berufskraftfahrer (m\\\/w\\\/d)\",\"datePublished\":\"2023-01-05T17:56:33+00:00\",\"dateModified\":\"2025-04-08T16:06:59+00:00\",\"mainEntityOfPage\":{\"@id\":\"https:\\\/\\\/old.moebeltransporte.lindnersolutions.de\\\/berufskraftfahrer-m-w-d\\\/\"},\"wordCount\":369,\"publisher\":{\"@id\":\"https:\\\/\\\/old.moebeltransporte.lindnersolutions.de\\\/#organization\"},\"image\":{\"@id\":\"https:\\\/\\\/old.moebeltransporte.lindnersolutions.de\\\/berufskraftfahrer-m-w-d\\\/#primaryimage\"},\"thumbnailUrl\":\"https:\\\/\\\/old.moebeltransporte.lindnersolutions.de\\\/wp-content\\\/uploads\\\/2023\\\/06\\\/2023.05.06-08-STARKE-62.jpg\",\"keywords\":[\"Ausbildung\",\"Ausbildung in Gera\",\"Ausbildungsplatz\",\"Berufskraftfahrer\"],\"articleSection\":[\"Ausbildung\"],\"inLanguage\":\"de\"},{\"@type\":\"WebPage\",\"@id\":\"https:\\\/\\\/old.moebeltransporte.lindnersolutions.de\\\/berufskraftfahrer-m-w-d\\\/\",\"url\":\"https:\\\/\\\/old.moebeltransporte.lindnersolutions.de\\\/berufskraftfahrer-m-w-d\\\/\",\"name\":\"Berufskraftfahrer (m\\\/w\\\/d) - STARKE M\u00f6beltransporte GmbH\",\"isPartOf\":{\"@id\":\"https:\\\/\\\/old.moebeltransporte.lindnersolutions.de\\\/#website\"},\"primaryImageOfPage\":{\"@id\":\"https:\\\/\\\/old.moebeltransporte.lindnersolutions.de\\\/berufskraftfahrer-m-w-d\\\/#primaryimage\"},\"image\":{\"@id\":\"https:\\\/\\\/old.moebeltransporte.lindnersolutions.de\\\/berufskraftfahrer-m-w-d\\\/#primaryimage\"},\"thumbnailUrl\":\"https:\\\/\\\/old.moebeltransporte.lindnersolutions.de\\\/wp-content\\\/uploads\\\/2023\\\/06\\\/2023.05.06-08-STARKE-62.jpg\",\"datePublished\":\"2023-01-05T17:56:33+00:00\",\"dateModified\":\"2025-04-08T16:06:59+00:00\",\"description\":\"Im Nahverkehr sind wir in der Auslieferung von Versandhausartikeln aktiv (ausfahren, aufstellen und montieren von M\u00f6beln, K\u00fcchen und Elektro\",\"breadcrumb\":{\"@id\":\"https:\\\/\\\/old.moebeltransporte.lindnersolutions.de\\\/berufskraftfahrer-m-w-d\\\/#breadcrumb\"},\"inLanguage\":\"de\",\"potentialAction\":[{\"@type\":\"ReadAction\",\"target\":[\"https:\\\/\\\/old.moebeltransporte.lindnersolutions.de\\\/berufskraftfahrer-m-w-d\\\/\"]}]},{\"@type\":\"ImageObject\",\"inLanguage\":\"de\",\"@id\":\"https:\\\/\\\/old.moebeltransporte.lindnersolutions.de\\\/berufskraftfahrer-m-w-d\\\/#primaryimage\",\"url\":\"https:\\\/\\\/old.moebeltransporte.lindnersolutions.de\\\/wp-content\\\/uploads\\\/2023\\\/06\\\/2023.05.06-08-STARKE-62.jpg\",\"contentUrl\":\"https:\\\/\\\/old.moebeltransporte.lindnersolutions.de\\\/wp-content\\\/uploads\\\/2023\\\/06\\\/2023.05.06-08-STARKE-62.jpg\",\"width\":2400,\"height\":1600,\"caption\":\"Azubi bei STARKE M\u00f6beltransporte\"},{\"@type\":\"BreadcrumbList\",\"@id\":\"https:\\\/\\\/old.moebeltransporte.lindnersolutions.de\\\/berufskraftfahrer-m-w-d\\\/#breadcrumb\",\"itemListElement\":[{\"@type\":\"ListItem\",\"position\":1,\"name\":\"Startseite\",\"item\":\"https:\\\/\\\/old.moebeltransporte.lindnersolutions.de\\\/\"},{\"@type\":\"ListItem\",\"position\":2,\"name\":\"Berufskraftfahrer (m\\\/w\\\/d)\"}]},{\"@type\":\"WebSite\",\"@id\":\"https:\\\/\\\/old.moebeltransporte.lindnersolutions.de\\\/#website\",\"url\":\"https:\\\/\\\/old.moebeltransporte.lindnersolutions.de\\\/\",\"name\":\"STARKE M\u00f6beltransporte GmbH\",\"description\":\"Die STARKE M\u00f6beltransport GmbH ist Mitglied im Bundesverband M\u00f6belspedition und Logistik (AM\u00d6) e.V. Mehr Sicherheit f\u00fcr Ihren Umzug geht nicht.\",\"publisher\":{\"@id\":\"https:\\\/\\\/old.moebeltransporte.lindnersolutions.de\\\/#organization\"},\"potentialAction\":[{\"@type\":\"SearchAction\",\"target\":{\"@type\":\"EntryPoint\",\"urlTemplate\":\"https:\\\/\\\/old.moebeltransporte.lindnersolutions.de\\\/?s={search_term_string}\"},\"query-input\":{\"@type\":\"PropertyValueSpecification\",\"valueRequired\":true,\"valueName\":\"search_term_string\"}}],\"inLanguage\":\"de\"},{\"@type\":\"Organization\",\"@id\":\"https:\\\/\\\/old.moebeltransporte.lindnersolutions.de\\\/#organization\",\"name\":\"STARKE M\u00f6beltransporte GmbH\",\"url\":\"https:\\\/\\\/old.moebeltransporte.lindnersolutions.de\\\/\",\"logo\":{\"@type\":\"ImageObject\",\"inLanguage\":\"de\",\"@id\":\"https:\\\/\\\/old.moebeltransporte.lindnersolutions.de\\\/#\\\/schema\\\/logo\\\/image\\\/\",\"url\":\"https:\\\/\\\/old.moebeltransporte.lindnersolutions.de\\\/wp-content\\\/uploads\\\/2023\\\/05\\\/Starke-Logos.png\",\"contentUrl\":\"https:\\\/\\\/old.moebeltransporte.lindnersolutions.de\\\/wp-content\\\/uploads\\\/2023\\\/05\\\/Starke-Logos.png\",\"width\":945,\"height\":213,\"caption\":\"STARKE M\u00f6beltransporte GmbH\"},\"image\":{\"@id\":\"https:\\\/\\\/old.moebeltransporte.lindnersolutions.de\\\/#\\\/schema\\\/logo\\\/image\\\/\"},\"sameAs\":[\"https:\\\/\\\/www.facebook.com\\\/starkegera\",\"https:\\\/\\\/www.instagram.com\\\/\"]},{\"@type\":\"Person\",\"@id\":\"https:\\\/\\\/old.moebeltransporte.lindnersolutions.de\\\/#\\\/schema\\\/person\\\/85d53581b370bdd140fe118f77f085a8\",\"name\":\"Starke\",\"sameAs\":[\"https:\\\/\\\/old.moebeltransporte.lindnersolutions.de\"],\"url\":\"https:\\\/\\\/old.moebeltransporte.lindnersolutions.de\\\/author\\\/starke\\\/\"}]}<\/script>\n<!-- \/ Yoast SEO plugin. -->","yoast_head_json":{"title":"Berufskraftfahrer (m\/w\/d) - STARKE M\u00f6beltransporte GmbH","description":"Im Nahverkehr sind wir in der Auslieferung von Versandhausartikeln aktiv (ausfahren, aufstellen und montieren von M\u00f6beln, K\u00fcchen und Elektro","robots":{"index":"noindex","follow":"follow","max-snippet":"max-snippet:-1","max-image-preview":"max-image-preview:large","max-video-preview":"max-video-preview:-1"},"og_locale":"de_DE","og_type":"article","og_title":"Berufskraftfahrer (m\/w\/d) - STARKE M\u00f6beltransporte GmbH","og_description":"Im Nahverkehr sind wir in der Auslieferung von Versandhausartikeln aktiv (ausfahren, aufstellen und montieren von M\u00f6beln, K\u00fcchen und Elektro","og_url":"https:\/\/old.moebeltransporte.lindnersolutions.de\/berufskraftfahrer-m-w-d\/","og_site_name":"STARKE M\u00f6beltransporte GmbH","article_publisher":"https:\/\/www.facebook.com\/starkegera","article_published_time":"2023-01-05T17:56:33+00:00","article_modified_time":"2025-04-08T16:06:59+00:00","og_image":[{"width":2400,"height":1600,"url":"https:\/\/old.moebeltransporte.lindnersolutions.de\/wp-content\/uploads\/2023\/06\/2023.05.06-08-STARKE-62.jpg","type":"image\/jpeg"}],"author":"Starke","twitter_card":"summary_large_image","twitter_misc":{"Verfasst von":"Starke","Gesch\u00e4tzte Lesezeit":"2\u00a0Minuten"},"schema":{"@context":"https:\/\/schema.org","@graph":[{"@type":"Article","@id":"https:\/\/old.moebeltransporte.lindnersolutions.de\/berufskraftfahrer-m-w-d\/#article","isPartOf":{"@id":"https:\/\/old.moebeltransporte.lindnersolutions.de\/berufskraftfahrer-m-w-d\/"},"author":{"name":"Starke","@id":"https:\/\/old.moebeltransporte.lindnersolutions.de\/#\/schema\/person\/85d53581b370bdd140fe118f77f085a8"},"headline":"Berufskraftfahrer (m\/w\/d)","datePublished":"2023-01-05T17:56:33+00:00","dateModified":"2025-04-08T16:06:59+00:00","mainEntityOfPage":{"@id":"https:\/\/old.moebeltransporte.lindnersolutions.de\/berufskraftfahrer-m-w-d\/"},"wordCount":369,"publisher":{"@id":"https:\/\/old.moebeltransporte.lindnersolutions.de\/#organization"},"image":{"@id":"https:\/\/old.moebeltransporte.lindnersolutions.de\/berufskraftfahrer-m-w-d\/#primaryimage"},"thumbnailUrl":"https:\/\/old.moebeltransporte.lindnersolutions.de\/wp-content\/uploads\/2023\/06\/2023.05.06-08-STARKE-62.jpg","keywords":["Ausbildung","Ausbildung in Gera","Ausbildungsplatz","Berufskraftfahrer"],"articleSection":["Ausbildung"],"inLanguage":"de"},{"@type":"WebPage","@id":"https:\/\/old.moebeltransporte.lindnersolutions.de\/berufskraftfahrer-m-w-d\/","url":"https:\/\/old.moebeltransporte.lindnersolutions.de\/berufskraftfahrer-m-w-d\/","name":"Berufskraftfahrer (m\/w\/d) - STARKE M\u00f6beltransporte GmbH","isPartOf":{"@id":"https:\/\/old.moebeltransporte.lindnersolutions.de\/#website"},"primaryImageOfPage":{"@id":"https:\/\/old.moebeltransporte.lindnersolutions.de\/berufskraftfahrer-m-w-d\/#primaryimage"},"image":{"@id":"https:\/\/old.moebeltransporte.lindnersolutions.de\/berufskraftfahrer-m-w-d\/#primaryimage"},"thumbnailUrl":"https:\/\/old.moebeltransporte.lindnersolutions.de\/wp-content\/uploads\/2023\/06\/2023.05.06-08-STARKE-62.jpg","datePublished":"2023-01-05T17:56:33+00:00","dateModified":"2025-04-08T16:06:59+00:00","description":"Im Nahverkehr sind wir in der Auslieferung von Versandhausartikeln aktiv (ausfahren, aufstellen und montieren von M\u00f6beln, K\u00fcchen und Elektro","breadcrumb":{"@id":"https:\/\/old.moebeltransporte.lindnersolutions.de\/berufskraftfahrer-m-w-d\/#breadcrumb"},"inLanguage":"de","potentialAction":[{"@type":"ReadAction","target":["https:\/\/old.moebeltransporte.lindnersolutions.de\/berufskraftfahrer-m-w-d\/"]}]},{"@type":"ImageObject","inLanguage":"de","@id":"https:\/\/old.moebeltransporte.lindnersolutions.de\/berufskraftfahrer-m-w-d\/#primaryimage","url":"https:\/\/old.moebeltransporte.lindnersolutions.de\/wp-content\/uploads\/2023\/06\/2023.05.06-08-STARKE-62.jpg","contentUrl":"https:\/\/old.moebeltransporte.lindnersolutions.de\/wp-content\/uploads\/2023\/06\/2023.05.06-08-STARKE-62.jpg","width":2400,"height":1600,"caption":"Azubi bei STARKE M\u00f6beltransporte"},{"@type":"BreadcrumbList","@id":"https:\/\/old.moebeltransporte.lindnersolutions.de\/berufskraftfahrer-m-w-d\/#breadcrumb","itemListElement":[{"@type":"ListItem","position":1,"name":"Startseite","item":"https:\/\/old.moebeltransporte.lindnersolutions.de\/"},{"@type":"ListItem","position":2,"name":"Berufskraftfahrer (m\/w\/d)"}]},{"@type":"WebSite","@id":"https:\/\/old.moebeltransporte.lindnersolutions.de\/#website","url":"https:\/\/old.moebeltransporte.lindnersolutions.de\/","name":"STARKE M\u00f6beltransporte GmbH","description":"Die STARKE M\u00f6beltransport GmbH ist Mitglied im Bundesverband M\u00f6belspedition und Logistik (AM\u00d6) e.V. Mehr Sicherheit f\u00fcr Ihren Umzug geht nicht.","publisher":{"@id":"https:\/\/old.moebeltransporte.lindnersolutions.de\/#organization"},"potentialAction":[{"@type":"SearchAction","target":{"@type":"EntryPoint","urlTemplate":"https:\/\/old.moebeltransporte.lindnersolutions.de\/?s={search_term_string}"},"query-input":{"@type":"PropertyValueSpecification","valueRequired":true,"valueName":"search_term_string"}}],"inLanguage":"de"},{"@type":"Organization","@id":"https:\/\/old.moebeltransporte.lindnersolutions.de\/#organization","name":"STARKE M\u00f6beltransporte GmbH","url":"https:\/\/old.moebeltransporte.lindnersolutions.de\/","logo":{"@type":"ImageObject","inLanguage":"de","@id":"https:\/\/old.moebeltransporte.lindnersolutions.de\/#\/schema\/logo\/image\/","url":"https:\/\/old.moebeltransporte.lindnersolutions.de\/wp-content\/uploads\/2023\/05\/Starke-Logos.png","contentUrl":"https:\/\/old.moebeltransporte.lindnersolutions.de\/wp-content\/uploads\/2023\/05\/Starke-Logos.png","width":945,"height":213,"caption":"STARKE M\u00f6beltransporte GmbH"},"image":{"@id":"https:\/\/old.moebeltransporte.lindnersolutions.de\/#\/schema\/logo\/image\/"},"sameAs":["https:\/\/www.facebook.com\/starkegera","https:\/\/www.instagram.com\/"]},{"@type":"Person","@id":"https:\/\/old.moebeltransporte.lindnersolutions.de\/#\/schema\/person\/85d53581b370bdd140fe118f77f085a8","name":"Starke","sameAs":["https:\/\/old.moebeltransporte.lindnersolutions.de"],"url":"https:\/\/old.moebeltransporte.lindnersolutions.de\/author\/starke\/"}]}},"_links":{"self":[{"href":"https:\/\/old.moebeltransporte.lindnersolutions.de\/wp-json\/wp\/v2\/posts\/6315","targetHints":{"allow":["GET"]}}],"collection":[{"href":"https:\/\/old.moebeltransporte.lindnersolutions.de\/wp-json\/wp\/v2\/posts"}],"about":[{"href":"https:\/\/old.moebeltransporte.lindnersolutions.de\/wp-json\/wp\/v2\/types\/post"}],"author":[{"embeddable":true,"href":"https:\/\/old.moebeltransporte.lindnersolutions.de\/wp-json\/wp\/v2\/users\/1"}],"replies":[{"embeddable":true,"href":"https:\/\/old.moebeltransporte.lindnersolutions.de\/wp-json\/wp\/v2\/comments?post=6315"}],"version-history":[{"count":0,"href":"https:\/\/old.moebeltransporte.lindnersolutions.de\/wp-json\/wp\/v2\/posts\/6315\/revisions"}],"wp:featuredmedia":[{"embeddable":true,"href":"https:\/\/old.moebeltransporte.lindnersolutions.de\/wp-json\/wp\/v2\/media\/7464"}],"wp:attachment":[{"href":"https:\/\/old.moebeltransporte.lindnersolutions.de\/wp-json\/wp\/v2\/media?parent=6315"}],"wp:term":[{"taxonomy":"category","embeddable":true,"href":"https:\/\/old.moebeltransporte.lindnersolutions.de\/wp-json\/wp\/v2\/categories?post=6315"},{"taxonomy":"post_tag","embeddable":true,"href":"https:\/\/old.moebeltransporte.lindnersolutions.de\/wp-json\/wp\/v2\/tags?post=6315"}],"curies":[{"name":"wp","href":"https:\/\/api.w.org\/{rel}","templated":true}]}}