{"id":6342,"date":"2022-01-05T19:37:15","date_gmt":"2022-01-05T18:37:15","guid":{"rendered":"https:\/\/old.moebeltransporte.lindnersolutions.de\/?p=6342"},"modified":"2023-10-16T11:22:43","modified_gmt":"2023-10-16T09:22:43","slug":"kraftfahrer-m-w-d-fernverkehr","status":"publish","type":"post","link":"https:\/\/old.moebeltransporte.lindnersolutions.de\/kraftfahrer-m-w-d-fernverkehr\/","title":{"rendered":"Kraftfahrer (m\/w\/d) Fernverkehr"},"content":{"rendered":"<h6>Wir suchen Sie als:<\/h6>\n<h2>Kraftfahrer (m\/w\/d) Fernverkehr<\/h2>\n<h3>T\u00e4tigkeitsbeschreibung<\/h3>\n<p>Wir suchen Kraftfahrer (m\/w\/d) f\u00fcr den nationalen und internationalen Fernverkehr. Im Fernverkehr beliefern wir Lager- und Verteilzentren sowie Einzelkunden in ganz Deutschland und im Ausland mit M\u00f6beln. Dabei starten Sie fr\u00fchestens Montag 06:00 Uhr und sind sp\u00e4testens am Freitag Mittag wieder an unserem Standort.<\/p>\n<h3>Wir bieten<\/h3>\n<ul>\n<li>Sehr attraktives Verg\u00fctungspaket gestaffelt nach Qualifikation und Betriebszugeh\u00f6rigkeit<\/li>\n<li>Spesen 28,00 \u20ac pro Tag<\/li>\n<li>Bis zu 30 Tage Urlaub<\/li>\n<li>Betriebliche Altersvorsorge<\/li>\n<li>Flache Hierarchien, kurze Entscheidungswege<\/li>\n<li>Kollegiales und angenehmes Arbeitsklima<\/li>\n<li>Kosten f\u00fcr Aus- und Weiterbildung werden vom Betrieb \u00fcbernommen<\/li>\n<li>Die Kosten f\u00fcr die \u00e4rztliche Untersuchung zur Verl\u00e4ngerung des F\u00fchrerscheins tr\u00e4gt das Unternehmen.<\/li>\n<\/ul>\n<h3>Voraussetzungen<\/h3>\n<ul>\n<li>G\u00fcltiger F\u00fchrerschein Klasse C\/CE<\/li>\n<li>G\u00fcltige Fahrerkarte<\/li>\n<li>Sicheres F\u00fchren von Wechselbr\u00fccken LKW<\/li>\n<li>Kennzahl 95 eingetragen<\/li>\n<li>Berufseinsteiger werden eingearbeitet<\/li>\n<\/ul>\n<p>Haben wir Ihr Interesse geweckt? Dann bewerben Sie sich mit einer Kurzbewerbung.<\/p>\n<p>Wir freuen uns auf Ihre Bewerbung!<\/p>\n<p>Bitte haben Sie Verst\u00e4ndnis daf\u00fcr, dass wir keine Kosten \u00fcbernehmen, die Ihnen durch das Vorstellungsgespr\u00e4ch entstehen. Bewerbungen in Papierform werden nicht zur\u00fcckgesandt.<\/p>\n<h3>Ihr Ansprechpartner<\/h3>\n<p><strong>Jens Amlacher<\/strong><\/p>\n<p>STARKE M\u00f6beltransporte GmbH<br \/>\nLeibnizstra\u00dfe 74<br \/>\n07548 Gera<\/p>\n<p>Telefon: <a href=\"tel:+4936554854226\" target=\"_blank\" rel=\"noopener\">0365-54854226<\/a><br \/>\nMobil: <a href=\"tel:+491712220911\" target=\"_blank\" rel=\"noopener\">0171-2220911<\/a><\/p>\n<p>Mail: <a href=\"mailto:personal@old.moebeltransporte.lindnersolutions.de\">personal@old.moebeltransporte.lindnersolutions.de<\/a><\/p>\n<h3 class=\"gelb\">Online bewerben<\/h3>\n<p>F\u00fcr eine schnelle und unkomplizierte Bewerbung nutzen Sie bitte unser Online-Formular.<\/p>\n<a class=\"nectar-button n-sc-button large see-through-2 has-icon\" target=\"_blank\" href=\"https:\/\/old.moebeltransporte.lindnersolutions.de\/onlinebewerbung\/\" data-color-override=\"#043771\"  data-hover-color-override=\"#043771\" data-hover-text-color-override=\"#fff\"><span>Zur Online Bewerbung<\/span><i class=\"iconsmind-Mail-Forward\"><\/i><\/a>\n","protected":false},"excerpt":{"rendered":"<p>Wir suchen Sie als: Kraftfahrer (m\/w\/d) Fernverkehr T\u00e4tigkeitsbeschreibung Wir suchen Kraftfahrer (m\/w\/d) f\u00fcr den nationalen und internationalen Fernverkehr. Im Fernverkehr beliefern wir Lager- und Verteilzentren sowie Einzelkunden in ganz Deutschland&#8230;<\/p>\n","protected":false},"author":1,"featured_media":6343,"comment_status":"closed","ping_status":"open","sticky":false,"template":"","format":"standard","meta":{"footnotes":""},"categories":[21],"tags":[33,30,34,37,32],"class_list":{"0":"post-6342","1":"post","2":"type-post","3":"status-publish","4":"format-standard","5":"has-post-thumbnail","7":"category-karriere","8":"tag-arbeit-in-gera","9":"tag-berufskraftfahrer","10":"tag-job-in-gera","11":"tag-kraftfahrer","12":"tag-stellenanzeige"},"yoast_head":"<!-- This site is optimized with the Yoast SEO plugin v27.5 - https:\/\/yoast.com\/product\/yoast-seo-wordpress\/ -->\n<title>Kraftfahrer (m\/w\/d) Fernverkehr - STARKE M\u00f6beltransporte GmbH<\/title>\n<meta name=\"description\" content=\"Wir suchen Kraftfahrer (m\/w) f\u00fcr den nationalen und internationalen Fernverkehr. Im Fernverkehr beliefern wir Lager- und Verteilzentren sowie\" \/>\n<meta name=\"robots\" content=\"index, follow, max-snippet:-1, max-image-preview:large, max-video-preview:-1\" \/>\n<link rel=\"canonical\" href=\"https:\/\/old.moebeltransporte.lindnersolutions.de\/kraftfahrer-m-w-d-fernverkehr\/\" \/>\n<meta property=\"og:locale\" content=\"de_DE\" \/>\n<meta property=\"og:type\" content=\"article\" \/>\n<meta property=\"og:title\" content=\"Kraftfahrer (m\/w\/d) Fernverkehr - STARKE M\u00f6beltransporte GmbH\" \/>\n<meta property=\"og:description\" content=\"Wir suchen Kraftfahrer (m\/w) f\u00fcr den nationalen und internationalen Fernverkehr. Im Fernverkehr beliefern wir Lager- und Verteilzentren sowie\" \/>\n<meta property=\"og:url\" content=\"https:\/\/old.moebeltransporte.lindnersolutions.de\/kraftfahrer-m-w-d-fernverkehr\/\" \/>\n<meta property=\"og:site_name\" content=\"STARKE M\u00f6beltransporte GmbH\" \/>\n<meta property=\"article:publisher\" content=\"https:\/\/www.facebook.com\/starkegera\" \/>\n<meta property=\"article:published_time\" content=\"2022-01-05T18:37:15+00:00\" \/>\n<meta property=\"article:modified_time\" content=\"2023-10-16T09:22:43+00:00\" \/>\n<meta property=\"og:image\" content=\"https:\/\/old.moebeltransporte.lindnersolutions.de\/wp-content\/uploads\/2023\/01\/berufskraftfahrer-fernverkehr-gera.jpg\" \/>\n\t<meta property=\"og:image:width\" content=\"2400\" \/>\n\t<meta property=\"og:image:height\" content=\"1600\" \/>\n\t<meta property=\"og:image:type\" content=\"image\/jpeg\" \/>\n<meta name=\"author\" content=\"Starke\" \/>\n<meta name=\"twitter:card\" content=\"summary_large_image\" \/>\n<meta name=\"twitter:label1\" content=\"Verfasst von\" \/>\n\t<meta name=\"twitter:data1\" content=\"Starke\" \/>\n\t<meta name=\"twitter:label2\" content=\"Gesch\u00e4tzte Lesezeit\" \/>\n\t<meta name=\"twitter:data2\" content=\"2\u00a0Minuten\" \/>\n<script type=\"application\/ld+json\" class=\"yoast-schema-graph\">{\"@context\":\"https:\\\/\\\/schema.org\",\"@graph\":[{\"@type\":\"Article\",\"@id\":\"https:\\\/\\\/old.moebeltransporte.lindnersolutions.de\\\/kraftfahrer-m-w-d-fernverkehr\\\/#article\",\"isPartOf\":{\"@id\":\"https:\\\/\\\/old.moebeltransporte.lindnersolutions.de\\\/kraftfahrer-m-w-d-fernverkehr\\\/\"},\"author\":{\"name\":\"Starke\",\"@id\":\"https:\\\/\\\/old.moebeltransporte.lindnersolutions.de\\\/#\\\/schema\\\/person\\\/85d53581b370bdd140fe118f77f085a8\"},\"headline\":\"Kraftfahrer (m\\\/w\\\/d) Fernverkehr\",\"datePublished\":\"2022-01-05T18:37:15+00:00\",\"dateModified\":\"2023-10-16T09:22:43+00:00\",\"mainEntityOfPage\":{\"@id\":\"https:\\\/\\\/old.moebeltransporte.lindnersolutions.de\\\/kraftfahrer-m-w-d-fernverkehr\\\/\"},\"wordCount\":255,\"publisher\":{\"@id\":\"https:\\\/\\\/old.moebeltransporte.lindnersolutions.de\\\/#organization\"},\"image\":{\"@id\":\"https:\\\/\\\/old.moebeltransporte.lindnersolutions.de\\\/kraftfahrer-m-w-d-fernverkehr\\\/#primaryimage\"},\"thumbnailUrl\":\"https:\\\/\\\/old.moebeltransporte.lindnersolutions.de\\\/wp-content\\\/uploads\\\/2023\\\/01\\\/berufskraftfahrer-fernverkehr-gera.jpg\",\"keywords\":[\"Arbeit in Gera\",\"Berufskraftfahrer\",\"Job in Gera\",\"Kraftfahrer\",\"Stellenanzeige\"],\"articleSection\":[\"Karriere\"],\"inLanguage\":\"de\"},{\"@type\":\"WebPage\",\"@id\":\"https:\\\/\\\/old.moebeltransporte.lindnersolutions.de\\\/kraftfahrer-m-w-d-fernverkehr\\\/\",\"url\":\"https:\\\/\\\/old.moebeltransporte.lindnersolutions.de\\\/kraftfahrer-m-w-d-fernverkehr\\\/\",\"name\":\"Kraftfahrer (m\\\/w\\\/d) Fernverkehr - STARKE M\u00f6beltransporte GmbH\",\"isPartOf\":{\"@id\":\"https:\\\/\\\/old.moebeltransporte.lindnersolutions.de\\\/#website\"},\"primaryImageOfPage\":{\"@id\":\"https:\\\/\\\/old.moebeltransporte.lindnersolutions.de\\\/kraftfahrer-m-w-d-fernverkehr\\\/#primaryimage\"},\"image\":{\"@id\":\"https:\\\/\\\/old.moebeltransporte.lindnersolutions.de\\\/kraftfahrer-m-w-d-fernverkehr\\\/#primaryimage\"},\"thumbnailUrl\":\"https:\\\/\\\/old.moebeltransporte.lindnersolutions.de\\\/wp-content\\\/uploads\\\/2023\\\/01\\\/berufskraftfahrer-fernverkehr-gera.jpg\",\"datePublished\":\"2022-01-05T18:37:15+00:00\",\"dateModified\":\"2023-10-16T09:22:43+00:00\",\"description\":\"Wir suchen Kraftfahrer (m\\\/w) f\u00fcr den nationalen und internationalen Fernverkehr. Im Fernverkehr beliefern wir Lager- und Verteilzentren sowie\",\"breadcrumb\":{\"@id\":\"https:\\\/\\\/old.moebeltransporte.lindnersolutions.de\\\/kraftfahrer-m-w-d-fernverkehr\\\/#breadcrumb\"},\"inLanguage\":\"de\",\"potentialAction\":[{\"@type\":\"ReadAction\",\"target\":[\"https:\\\/\\\/old.moebeltransporte.lindnersolutions.de\\\/kraftfahrer-m-w-d-fernverkehr\\\/\"]}]},{\"@type\":\"ImageObject\",\"inLanguage\":\"de\",\"@id\":\"https:\\\/\\\/old.moebeltransporte.lindnersolutions.de\\\/kraftfahrer-m-w-d-fernverkehr\\\/#primaryimage\",\"url\":\"https:\\\/\\\/old.moebeltransporte.lindnersolutions.de\\\/wp-content\\\/uploads\\\/2023\\\/01\\\/berufskraftfahrer-fernverkehr-gera.jpg\",\"contentUrl\":\"https:\\\/\\\/old.moebeltransporte.lindnersolutions.de\\\/wp-content\\\/uploads\\\/2023\\\/01\\\/berufskraftfahrer-fernverkehr-gera.jpg\",\"width\":2400,\"height\":1600,\"caption\":\"Foto\"},{\"@type\":\"BreadcrumbList\",\"@id\":\"https:\\\/\\\/old.moebeltransporte.lindnersolutions.de\\\/kraftfahrer-m-w-d-fernverkehr\\\/#breadcrumb\",\"itemListElement\":[{\"@type\":\"ListItem\",\"position\":1,\"name\":\"Startseite\",\"item\":\"https:\\\/\\\/old.moebeltransporte.lindnersolutions.de\\\/\"},{\"@type\":\"ListItem\",\"position\":2,\"name\":\"Kraftfahrer (m\\\/w\\\/d) Fernverkehr\"}]},{\"@type\":\"WebSite\",\"@id\":\"https:\\\/\\\/old.moebeltransporte.lindnersolutions.de\\\/#website\",\"url\":\"https:\\\/\\\/old.moebeltransporte.lindnersolutions.de\\\/\",\"name\":\"STARKE M\u00f6beltransporte GmbH\",\"description\":\"Die STARKE M\u00f6beltransport GmbH ist Mitglied im Bundesverband M\u00f6belspedition und Logistik (AM\u00d6) e.V. Mehr Sicherheit f\u00fcr Ihren Umzug geht nicht.\",\"publisher\":{\"@id\":\"https:\\\/\\\/old.moebeltransporte.lindnersolutions.de\\\/#organization\"},\"potentialAction\":[{\"@type\":\"SearchAction\",\"target\":{\"@type\":\"EntryPoint\",\"urlTemplate\":\"https:\\\/\\\/old.moebeltransporte.lindnersolutions.de\\\/?s={search_term_string}\"},\"query-input\":{\"@type\":\"PropertyValueSpecification\",\"valueRequired\":true,\"valueName\":\"search_term_string\"}}],\"inLanguage\":\"de\"},{\"@type\":\"Organization\",\"@id\":\"https:\\\/\\\/old.moebeltransporte.lindnersolutions.de\\\/#organization\",\"name\":\"STARKE M\u00f6beltransporte GmbH\",\"url\":\"https:\\\/\\\/old.moebeltransporte.lindnersolutions.de\\\/\",\"logo\":{\"@type\":\"ImageObject\",\"inLanguage\":\"de\",\"@id\":\"https:\\\/\\\/old.moebeltransporte.lindnersolutions.de\\\/#\\\/schema\\\/logo\\\/image\\\/\",\"url\":\"https:\\\/\\\/old.moebeltransporte.lindnersolutions.de\\\/wp-content\\\/uploads\\\/2023\\\/05\\\/Starke-Logos.png\",\"contentUrl\":\"https:\\\/\\\/old.moebeltransporte.lindnersolutions.de\\\/wp-content\\\/uploads\\\/2023\\\/05\\\/Starke-Logos.png\",\"width\":945,\"height\":213,\"caption\":\"STARKE M\u00f6beltransporte GmbH\"},\"image\":{\"@id\":\"https:\\\/\\\/old.moebeltransporte.lindnersolutions.de\\\/#\\\/schema\\\/logo\\\/image\\\/\"},\"sameAs\":[\"https:\\\/\\\/www.facebook.com\\\/starkegera\",\"https:\\\/\\\/www.instagram.com\\\/\"]},{\"@type\":\"Person\",\"@id\":\"https:\\\/\\\/old.moebeltransporte.lindnersolutions.de\\\/#\\\/schema\\\/person\\\/85d53581b370bdd140fe118f77f085a8\",\"name\":\"Starke\",\"sameAs\":[\"https:\\\/\\\/old.moebeltransporte.lindnersolutions.de\"],\"url\":\"https:\\\/\\\/old.moebeltransporte.lindnersolutions.de\\\/author\\\/starke\\\/\"}]}<\/script>\n<!-- \/ Yoast SEO plugin. -->","yoast_head_json":{"title":"Kraftfahrer (m\/w\/d) Fernverkehr - STARKE M\u00f6beltransporte GmbH","description":"Wir suchen Kraftfahrer (m\/w) f\u00fcr den nationalen und internationalen Fernverkehr. Im Fernverkehr beliefern wir Lager- und Verteilzentren sowie","robots":{"index":"index","follow":"follow","max-snippet":"max-snippet:-1","max-image-preview":"max-image-preview:large","max-video-preview":"max-video-preview:-1"},"canonical":"https:\/\/old.moebeltransporte.lindnersolutions.de\/kraftfahrer-m-w-d-fernverkehr\/","og_locale":"de_DE","og_type":"article","og_title":"Kraftfahrer (m\/w\/d) Fernverkehr - STARKE M\u00f6beltransporte GmbH","og_description":"Wir suchen Kraftfahrer (m\/w) f\u00fcr den nationalen und internationalen Fernverkehr. Im Fernverkehr beliefern wir Lager- und Verteilzentren sowie","og_url":"https:\/\/old.moebeltransporte.lindnersolutions.de\/kraftfahrer-m-w-d-fernverkehr\/","og_site_name":"STARKE M\u00f6beltransporte GmbH","article_publisher":"https:\/\/www.facebook.com\/starkegera","article_published_time":"2022-01-05T18:37:15+00:00","article_modified_time":"2023-10-16T09:22:43+00:00","og_image":[{"width":2400,"height":1600,"url":"https:\/\/old.moebeltransporte.lindnersolutions.de\/wp-content\/uploads\/2023\/01\/berufskraftfahrer-fernverkehr-gera.jpg","type":"image\/jpeg"}],"author":"Starke","twitter_card":"summary_large_image","twitter_misc":{"Verfasst von":"Starke","Gesch\u00e4tzte Lesezeit":"2\u00a0Minuten"},"schema":{"@context":"https:\/\/schema.org","@graph":[{"@type":"Article","@id":"https:\/\/old.moebeltransporte.lindnersolutions.de\/kraftfahrer-m-w-d-fernverkehr\/#article","isPartOf":{"@id":"https:\/\/old.moebeltransporte.lindnersolutions.de\/kraftfahrer-m-w-d-fernverkehr\/"},"author":{"name":"Starke","@id":"https:\/\/old.moebeltransporte.lindnersolutions.de\/#\/schema\/person\/85d53581b370bdd140fe118f77f085a8"},"headline":"Kraftfahrer (m\/w\/d) Fernverkehr","datePublished":"2022-01-05T18:37:15+00:00","dateModified":"2023-10-16T09:22:43+00:00","mainEntityOfPage":{"@id":"https:\/\/old.moebeltransporte.lindnersolutions.de\/kraftfahrer-m-w-d-fernverkehr\/"},"wordCount":255,"publisher":{"@id":"https:\/\/old.moebeltransporte.lindnersolutions.de\/#organization"},"image":{"@id":"https:\/\/old.moebeltransporte.lindnersolutions.de\/kraftfahrer-m-w-d-fernverkehr\/#primaryimage"},"thumbnailUrl":"https:\/\/old.moebeltransporte.lindnersolutions.de\/wp-content\/uploads\/2023\/01\/berufskraftfahrer-fernverkehr-gera.jpg","keywords":["Arbeit in Gera","Berufskraftfahrer","Job in Gera","Kraftfahrer","Stellenanzeige"],"articleSection":["Karriere"],"inLanguage":"de"},{"@type":"WebPage","@id":"https:\/\/old.moebeltransporte.lindnersolutions.de\/kraftfahrer-m-w-d-fernverkehr\/","url":"https:\/\/old.moebeltransporte.lindnersolutions.de\/kraftfahrer-m-w-d-fernverkehr\/","name":"Kraftfahrer (m\/w\/d) Fernverkehr - STARKE M\u00f6beltransporte GmbH","isPartOf":{"@id":"https:\/\/old.moebeltransporte.lindnersolutions.de\/#website"},"primaryImageOfPage":{"@id":"https:\/\/old.moebeltransporte.lindnersolutions.de\/kraftfahrer-m-w-d-fernverkehr\/#primaryimage"},"image":{"@id":"https:\/\/old.moebeltransporte.lindnersolutions.de\/kraftfahrer-m-w-d-fernverkehr\/#primaryimage"},"thumbnailUrl":"https:\/\/old.moebeltransporte.lindnersolutions.de\/wp-content\/uploads\/2023\/01\/berufskraftfahrer-fernverkehr-gera.jpg","datePublished":"2022-01-05T18:37:15+00:00","dateModified":"2023-10-16T09:22:43+00:00","description":"Wir suchen Kraftfahrer (m\/w) f\u00fcr den nationalen und internationalen Fernverkehr. Im Fernverkehr beliefern wir Lager- und Verteilzentren sowie","breadcrumb":{"@id":"https:\/\/old.moebeltransporte.lindnersolutions.de\/kraftfahrer-m-w-d-fernverkehr\/#breadcrumb"},"inLanguage":"de","potentialAction":[{"@type":"ReadAction","target":["https:\/\/old.moebeltransporte.lindnersolutions.de\/kraftfahrer-m-w-d-fernverkehr\/"]}]},{"@type":"ImageObject","inLanguage":"de","@id":"https:\/\/old.moebeltransporte.lindnersolutions.de\/kraftfahrer-m-w-d-fernverkehr\/#primaryimage","url":"https:\/\/old.moebeltransporte.lindnersolutions.de\/wp-content\/uploads\/2023\/01\/berufskraftfahrer-fernverkehr-gera.jpg","contentUrl":"https:\/\/old.moebeltransporte.lindnersolutions.de\/wp-content\/uploads\/2023\/01\/berufskraftfahrer-fernverkehr-gera.jpg","width":2400,"height":1600,"caption":"Foto"},{"@type":"BreadcrumbList","@id":"https:\/\/old.moebeltransporte.lindnersolutions.de\/kraftfahrer-m-w-d-fernverkehr\/#breadcrumb","itemListElement":[{"@type":"ListItem","position":1,"name":"Startseite","item":"https:\/\/old.moebeltransporte.lindnersolutions.de\/"},{"@type":"ListItem","position":2,"name":"Kraftfahrer (m\/w\/d) Fernverkehr"}]},{"@type":"WebSite","@id":"https:\/\/old.moebeltransporte.lindnersolutions.de\/#website","url":"https:\/\/old.moebeltransporte.lindnersolutions.de\/","name":"STARKE M\u00f6beltransporte GmbH","description":"Die STARKE M\u00f6beltransport GmbH ist Mitglied im Bundesverband M\u00f6belspedition und Logistik (AM\u00d6) e.V. Mehr Sicherheit f\u00fcr Ihren Umzug geht nicht.","publisher":{"@id":"https:\/\/old.moebeltransporte.lindnersolutions.de\/#organization"},"potentialAction":[{"@type":"SearchAction","target":{"@type":"EntryPoint","urlTemplate":"https:\/\/old.moebeltransporte.lindnersolutions.de\/?s={search_term_string}"},"query-input":{"@type":"PropertyValueSpecification","valueRequired":true,"valueName":"search_term_string"}}],"inLanguage":"de"},{"@type":"Organization","@id":"https:\/\/old.moebeltransporte.lindnersolutions.de\/#organization","name":"STARKE M\u00f6beltransporte GmbH","url":"https:\/\/old.moebeltransporte.lindnersolutions.de\/","logo":{"@type":"ImageObject","inLanguage":"de","@id":"https:\/\/old.moebeltransporte.lindnersolutions.de\/#\/schema\/logo\/image\/","url":"https:\/\/old.moebeltransporte.lindnersolutions.de\/wp-content\/uploads\/2023\/05\/Starke-Logos.png","contentUrl":"https:\/\/old.moebeltransporte.lindnersolutions.de\/wp-content\/uploads\/2023\/05\/Starke-Logos.png","width":945,"height":213,"caption":"STARKE M\u00f6beltransporte GmbH"},"image":{"@id":"https:\/\/old.moebeltransporte.lindnersolutions.de\/#\/schema\/logo\/image\/"},"sameAs":["https:\/\/www.facebook.com\/starkegera","https:\/\/www.instagram.com\/"]},{"@type":"Person","@id":"https:\/\/old.moebeltransporte.lindnersolutions.de\/#\/schema\/person\/85d53581b370bdd140fe118f77f085a8","name":"Starke","sameAs":["https:\/\/old.moebeltransporte.lindnersolutions.de"],"url":"https:\/\/old.moebeltransporte.lindnersolutions.de\/author\/starke\/"}]}},"_links":{"self":[{"href":"https:\/\/old.moebeltransporte.lindnersolutions.de\/wp-json\/wp\/v2\/posts\/6342","targetHints":{"allow":["GET"]}}],"collection":[{"href":"https:\/\/old.moebeltransporte.lindnersolutions.de\/wp-json\/wp\/v2\/posts"}],"about":[{"href":"https:\/\/old.moebeltransporte.lindnersolutions.de\/wp-json\/wp\/v2\/types\/post"}],"author":[{"embeddable":true,"href":"https:\/\/old.moebeltransporte.lindnersolutions.de\/wp-json\/wp\/v2\/users\/1"}],"replies":[{"embeddable":true,"href":"https:\/\/old.moebeltransporte.lindnersolutions.de\/wp-json\/wp\/v2\/comments?post=6342"}],"version-history":[{"count":0,"href":"https:\/\/old.moebeltransporte.lindnersolutions.de\/wp-json\/wp\/v2\/posts\/6342\/revisions"}],"wp:featuredmedia":[{"embeddable":true,"href":"https:\/\/old.moebeltransporte.lindnersolutions.de\/wp-json\/wp\/v2\/media\/6343"}],"wp:attachment":[{"href":"https:\/\/old.moebeltransporte.lindnersolutions.de\/wp-json\/wp\/v2\/media?parent=6342"}],"wp:term":[{"taxonomy":"category","embeddable":true,"href":"https:\/\/old.moebeltransporte.lindnersolutions.de\/wp-json\/wp\/v2\/categories?post=6342"},{"taxonomy":"post_tag","embeddable":true,"href":"https:\/\/old.moebeltransporte.lindnersolutions.de\/wp-json\/wp\/v2\/tags?post=6342"}],"curies":[{"name":"wp","href":"https:\/\/api.w.org\/{rel}","templated":true}]}}