{"id":7268,"date":"2023-06-01T11:49:05","date_gmt":"2023-06-01T09:49:05","guid":{"rendered":"https:\/\/old.moebeltransporte.lindnersolutions.de\/?p=7268"},"modified":"2025-10-15T11:20:24","modified_gmt":"2025-10-15T09:20:24","slug":"mechatroniker-karosseriebauer","status":"publish","type":"post","link":"https:\/\/old.moebeltransporte.lindnersolutions.de\/mechatroniker-karosseriebauer\/","title":{"rendered":"Mechatroniker Karosseriebauer Schlosser &#8211; auch Quereinsteiger (m\/w\/d)"},"content":{"rendered":"<h6>Wir suchen Sie als:<\/h6>\n<h2>Mechatroniker Karosseriebauer Schlosser &#8211; auch Quereinsteiger (m\/w\/d)<\/h2>\n<p>Wir suchen Sie nicht nur f\u00fcr allgemeine Werkstattarbeiten, sondern auch f\u00fcr die Herstellung von Kofferaufbauten f\u00fcr unseren Fuhrpark. Sie sollten Spa\u00df an der Arbeit haben und bereits Erfahrungen im PKW- oder LKW-Bereich gesammelt haben. Quereinsteiger mit handwerklichen F\u00e4higkeiten k\u00f6nnen bei Eignung eingearbeitet werden. Sie arbeiten vor Ort und haben geregelte Arbeitszeiten.<\/p>\n<h3>Wir bieten<\/h3>\n<ul>\n<li>Sehr attraktives Verg\u00fctungspaket gestaffelt nach Qualifikation und Betriebszugeh\u00f6rigkeitg<\/li>\n<li>Bis zu 30 Tage Urlaub<\/li>\n<li>Betriebliche Altersvorsorge<\/li>\n<li>Flache Hierarchien, kurze Entscheidungswege<\/li>\n<li>Kollegiales und angenehmes Arbeitsklima<\/li>\n<li>Kosten f\u00fcr Aus- und Weiterbildung werden vom Betrieb \u00fcbernommen<\/li>\n<\/ul>\n<h3>Haben wir Ihr Interesse geweckt?<\/h3>\n<p>Dann ist eine Bewerbung genau das Richtige, um herauszufinden, was wir sonst noch zu bieten haben.<\/p>\n<p><strong>Wir freuen uns auf Ihre Bewerbung!<\/strong><\/p>\n<p>Gerne beantworten wir erste Fragen auch telefonisch.<\/p>\n<p>Bitte haben Sie Verst\u00e4ndnis daf\u00fcr, dass wir keine Kosten \u00fcbernehmen, die Ihnen durch das Vorstellungsgespr\u00e4ch entstehen. Bewerbungen in Papierform werden nicht zur\u00fcckgesandt.<\/p>\n<h3>Ihr Ansprechpartner<\/h3>\n<p><strong>Jens Amlacher<\/strong><\/p>\n<p>STARKE M\u00f6beltransporte GmbH<br \/>\nLeibnizstra\u00dfe 74<br \/>\n07548 Gera<\/p>\n<p>Telefon: <a href=\"tel:+4936554854226\" target=\"_blank\" rel=\"noopener\">0365-54854226<\/a><br \/>\nMobil: <a href=\"tel:+491712220911\" target=\"_blank\" rel=\"noopener\">0171-2220911<\/a><\/p>\n<p>Mail: <a href=\"mailto:personal@old.moebeltransporte.lindnersolutions.de\">personal@old.moebeltransporte.lindnersolutions.de<\/a><\/p>\n<p>&nbsp;<\/p>\n","protected":false},"excerpt":{"rendered":"<p>Wir suchen Sie als: Mechatroniker Karosseriebauer Schlosser &#8211; auch Quereinsteiger (m\/w\/d) Wir suchen Sie nicht nur f\u00fcr allgemeine Werkstattarbeiten, sondern auch f\u00fcr die Herstellung von Kofferaufbauten f\u00fcr unseren Fuhrpark. Sie&#8230;<\/p>\n","protected":false},"author":1,"featured_media":6804,"comment_status":"closed","ping_status":"open","sticky":false,"template":"","format":"standard","meta":{"footnotes":""},"categories":[21],"tags":[],"class_list":{"0":"post-7268","1":"post","2":"type-post","3":"status-publish","4":"format-standard","5":"has-post-thumbnail","7":"category-karriere"},"yoast_head":"<!-- This site is optimized with the Yoast SEO plugin v27.5 - https:\/\/yoast.com\/product\/yoast-seo-wordpress\/ -->\n<title>Mechatroniker Karosseriebauer Schlosser - auch Quereinsteiger (m\/w\/d)<\/title>\n<meta name=\"description\" content=\"Wir suchen Sie nicht nur f\u00fcr die allgemeinen Arbeiten in der Werkstatt, sondern auch f\u00fcr die Fertigung von Kofferaufbauten f\u00fcr unsere Fahrzeug\" \/>\n<meta name=\"robots\" content=\"index, follow, max-snippet:-1, max-image-preview:large, max-video-preview:-1\" \/>\n<link rel=\"canonical\" href=\"https:\/\/old.moebeltransporte.lindnersolutions.de\/mechatroniker-karosseriebauer\/\" \/>\n<meta property=\"og:locale\" content=\"de_DE\" \/>\n<meta property=\"og:type\" content=\"article\" \/>\n<meta property=\"og:title\" content=\"Mechatroniker Karosseriebauer Schlosser - auch Quereinsteiger (m\/w\/d)\" \/>\n<meta property=\"og:description\" content=\"Wir suchen Sie nicht nur f\u00fcr die allgemeinen Arbeiten in der Werkstatt, sondern auch f\u00fcr die Fertigung von Kofferaufbauten f\u00fcr unsere Fahrzeug\" \/>\n<meta property=\"og:url\" content=\"https:\/\/old.moebeltransporte.lindnersolutions.de\/mechatroniker-karosseriebauer\/\" \/>\n<meta property=\"og:site_name\" content=\"STARKE M\u00f6beltransporte GmbH\" \/>\n<meta property=\"article:publisher\" content=\"https:\/\/www.facebook.com\/starkegera\" \/>\n<meta property=\"article:published_time\" content=\"2023-06-01T09:49:05+00:00\" \/>\n<meta property=\"article:modified_time\" content=\"2025-10-15T09:20:24+00:00\" \/>\n<meta property=\"og:image\" content=\"https:\/\/old.moebeltransporte.lindnersolutions.de\/wp-content\/uploads\/2022\/01\/2023.05.06-08-STARKE-64.jpg\" \/>\n\t<meta property=\"og:image:width\" content=\"2200\" \/>\n\t<meta property=\"og:image:height\" content=\"1467\" \/>\n\t<meta property=\"og:image:type\" content=\"image\/jpeg\" \/>\n<meta name=\"author\" content=\"Starke\" \/>\n<meta name=\"twitter:card\" content=\"summary_large_image\" \/>\n<meta name=\"twitter:label1\" content=\"Verfasst von\" \/>\n\t<meta name=\"twitter:data1\" content=\"Starke\" \/>\n\t<meta name=\"twitter:label2\" content=\"Gesch\u00e4tzte Lesezeit\" \/>\n\t<meta name=\"twitter:data2\" content=\"2\u00a0Minuten\" \/>\n<script type=\"application\/ld+json\" class=\"yoast-schema-graph\">{\"@context\":\"https:\\\/\\\/schema.org\",\"@graph\":[{\"@type\":\"Article\",\"@id\":\"https:\\\/\\\/old.moebeltransporte.lindnersolutions.de\\\/mechatroniker-karosseriebauer\\\/#article\",\"isPartOf\":{\"@id\":\"https:\\\/\\\/old.moebeltransporte.lindnersolutions.de\\\/mechatroniker-karosseriebauer\\\/\"},\"author\":{\"name\":\"Starke\",\"@id\":\"https:\\\/\\\/old.moebeltransporte.lindnersolutions.de\\\/#\\\/schema\\\/person\\\/85d53581b370bdd140fe118f77f085a8\"},\"headline\":\"Mechatroniker Karosseriebauer Schlosser &#8211; auch Quereinsteiger (m\\\/w\\\/d)\",\"datePublished\":\"2023-06-01T09:49:05+00:00\",\"dateModified\":\"2025-10-15T09:20:24+00:00\",\"mainEntityOfPage\":{\"@id\":\"https:\\\/\\\/old.moebeltransporte.lindnersolutions.de\\\/mechatroniker-karosseriebauer\\\/\"},\"wordCount\":196,\"publisher\":{\"@id\":\"https:\\\/\\\/old.moebeltransporte.lindnersolutions.de\\\/#organization\"},\"image\":{\"@id\":\"https:\\\/\\\/old.moebeltransporte.lindnersolutions.de\\\/mechatroniker-karosseriebauer\\\/#primaryimage\"},\"thumbnailUrl\":\"https:\\\/\\\/old.moebeltransporte.lindnersolutions.de\\\/wp-content\\\/uploads\\\/2022\\\/01\\\/2023.05.06-08-STARKE-64.jpg\",\"articleSection\":[\"Karriere\"],\"inLanguage\":\"de\"},{\"@type\":\"WebPage\",\"@id\":\"https:\\\/\\\/old.moebeltransporte.lindnersolutions.de\\\/mechatroniker-karosseriebauer\\\/\",\"url\":\"https:\\\/\\\/old.moebeltransporte.lindnersolutions.de\\\/mechatroniker-karosseriebauer\\\/\",\"name\":\"Mechatroniker Karosseriebauer Schlosser - auch Quereinsteiger (m\\\/w\\\/d)\",\"isPartOf\":{\"@id\":\"https:\\\/\\\/old.moebeltransporte.lindnersolutions.de\\\/#website\"},\"primaryImageOfPage\":{\"@id\":\"https:\\\/\\\/old.moebeltransporte.lindnersolutions.de\\\/mechatroniker-karosseriebauer\\\/#primaryimage\"},\"image\":{\"@id\":\"https:\\\/\\\/old.moebeltransporte.lindnersolutions.de\\\/mechatroniker-karosseriebauer\\\/#primaryimage\"},\"thumbnailUrl\":\"https:\\\/\\\/old.moebeltransporte.lindnersolutions.de\\\/wp-content\\\/uploads\\\/2022\\\/01\\\/2023.05.06-08-STARKE-64.jpg\",\"datePublished\":\"2023-06-01T09:49:05+00:00\",\"dateModified\":\"2025-10-15T09:20:24+00:00\",\"description\":\"Wir suchen Sie nicht nur f\u00fcr die allgemeinen Arbeiten in der Werkstatt, sondern auch f\u00fcr die Fertigung von Kofferaufbauten f\u00fcr unsere Fahrzeug\",\"breadcrumb\":{\"@id\":\"https:\\\/\\\/old.moebeltransporte.lindnersolutions.de\\\/mechatroniker-karosseriebauer\\\/#breadcrumb\"},\"inLanguage\":\"de\",\"potentialAction\":[{\"@type\":\"ReadAction\",\"target\":[\"https:\\\/\\\/old.moebeltransporte.lindnersolutions.de\\\/mechatroniker-karosseriebauer\\\/\"]}]},{\"@type\":\"ImageObject\",\"inLanguage\":\"de\",\"@id\":\"https:\\\/\\\/old.moebeltransporte.lindnersolutions.de\\\/mechatroniker-karosseriebauer\\\/#primaryimage\",\"url\":\"https:\\\/\\\/old.moebeltransporte.lindnersolutions.de\\\/wp-content\\\/uploads\\\/2022\\\/01\\\/2023.05.06-08-STARKE-64.jpg\",\"contentUrl\":\"https:\\\/\\\/old.moebeltransporte.lindnersolutions.de\\\/wp-content\\\/uploads\\\/2022\\\/01\\\/2023.05.06-08-STARKE-64.jpg\",\"width\":2200,\"height\":1467,\"caption\":\"Starke Fahrzeugbau\"},{\"@type\":\"BreadcrumbList\",\"@id\":\"https:\\\/\\\/old.moebeltransporte.lindnersolutions.de\\\/mechatroniker-karosseriebauer\\\/#breadcrumb\",\"itemListElement\":[{\"@type\":\"ListItem\",\"position\":1,\"name\":\"Startseite\",\"item\":\"https:\\\/\\\/old.moebeltransporte.lindnersolutions.de\\\/\"},{\"@type\":\"ListItem\",\"position\":2,\"name\":\"Mechatroniker Karosseriebauer Schlosser &#8211; auch Quereinsteiger (m\\\/w\\\/d)\"}]},{\"@type\":\"WebSite\",\"@id\":\"https:\\\/\\\/old.moebeltransporte.lindnersolutions.de\\\/#website\",\"url\":\"https:\\\/\\\/old.moebeltransporte.lindnersolutions.de\\\/\",\"name\":\"STARKE M\u00f6beltransporte GmbH\",\"description\":\"Die STARKE M\u00f6beltransport GmbH ist Mitglied im Bundesverband M\u00f6belspedition und Logistik (AM\u00d6) e.V. Mehr Sicherheit f\u00fcr Ihren Umzug geht nicht.\",\"publisher\":{\"@id\":\"https:\\\/\\\/old.moebeltransporte.lindnersolutions.de\\\/#organization\"},\"potentialAction\":[{\"@type\":\"SearchAction\",\"target\":{\"@type\":\"EntryPoint\",\"urlTemplate\":\"https:\\\/\\\/old.moebeltransporte.lindnersolutions.de\\\/?s={search_term_string}\"},\"query-input\":{\"@type\":\"PropertyValueSpecification\",\"valueRequired\":true,\"valueName\":\"search_term_string\"}}],\"inLanguage\":\"de\"},{\"@type\":\"Organization\",\"@id\":\"https:\\\/\\\/old.moebeltransporte.lindnersolutions.de\\\/#organization\",\"name\":\"STARKE M\u00f6beltransporte GmbH\",\"url\":\"https:\\\/\\\/old.moebeltransporte.lindnersolutions.de\\\/\",\"logo\":{\"@type\":\"ImageObject\",\"inLanguage\":\"de\",\"@id\":\"https:\\\/\\\/old.moebeltransporte.lindnersolutions.de\\\/#\\\/schema\\\/logo\\\/image\\\/\",\"url\":\"https:\\\/\\\/old.moebeltransporte.lindnersolutions.de\\\/wp-content\\\/uploads\\\/2023\\\/05\\\/Starke-Logos.png\",\"contentUrl\":\"https:\\\/\\\/old.moebeltransporte.lindnersolutions.de\\\/wp-content\\\/uploads\\\/2023\\\/05\\\/Starke-Logos.png\",\"width\":945,\"height\":213,\"caption\":\"STARKE M\u00f6beltransporte GmbH\"},\"image\":{\"@id\":\"https:\\\/\\\/old.moebeltransporte.lindnersolutions.de\\\/#\\\/schema\\\/logo\\\/image\\\/\"},\"sameAs\":[\"https:\\\/\\\/www.facebook.com\\\/starkegera\",\"https:\\\/\\\/www.instagram.com\\\/\"]},{\"@type\":\"Person\",\"@id\":\"https:\\\/\\\/old.moebeltransporte.lindnersolutions.de\\\/#\\\/schema\\\/person\\\/85d53581b370bdd140fe118f77f085a8\",\"name\":\"Starke\",\"sameAs\":[\"https:\\\/\\\/old.moebeltransporte.lindnersolutions.de\"],\"url\":\"https:\\\/\\\/old.moebeltransporte.lindnersolutions.de\\\/author\\\/starke\\\/\"}]}<\/script>\n<!-- \/ Yoast SEO plugin. -->","yoast_head_json":{"title":"Mechatroniker Karosseriebauer Schlosser - auch Quereinsteiger (m\/w\/d)","description":"Wir suchen Sie nicht nur f\u00fcr die allgemeinen Arbeiten in der Werkstatt, sondern auch f\u00fcr die Fertigung von Kofferaufbauten f\u00fcr unsere Fahrzeug","robots":{"index":"index","follow":"follow","max-snippet":"max-snippet:-1","max-image-preview":"max-image-preview:large","max-video-preview":"max-video-preview:-1"},"canonical":"https:\/\/old.moebeltransporte.lindnersolutions.de\/mechatroniker-karosseriebauer\/","og_locale":"de_DE","og_type":"article","og_title":"Mechatroniker Karosseriebauer Schlosser - auch Quereinsteiger (m\/w\/d)","og_description":"Wir suchen Sie nicht nur f\u00fcr die allgemeinen Arbeiten in der Werkstatt, sondern auch f\u00fcr die Fertigung von Kofferaufbauten f\u00fcr unsere Fahrzeug","og_url":"https:\/\/old.moebeltransporte.lindnersolutions.de\/mechatroniker-karosseriebauer\/","og_site_name":"STARKE M\u00f6beltransporte GmbH","article_publisher":"https:\/\/www.facebook.com\/starkegera","article_published_time":"2023-06-01T09:49:05+00:00","article_modified_time":"2025-10-15T09:20:24+00:00","og_image":[{"width":2200,"height":1467,"url":"https:\/\/old.moebeltransporte.lindnersolutions.de\/wp-content\/uploads\/2022\/01\/2023.05.06-08-STARKE-64.jpg","type":"image\/jpeg"}],"author":"Starke","twitter_card":"summary_large_image","twitter_misc":{"Verfasst von":"Starke","Gesch\u00e4tzte Lesezeit":"2\u00a0Minuten"},"schema":{"@context":"https:\/\/schema.org","@graph":[{"@type":"Article","@id":"https:\/\/old.moebeltransporte.lindnersolutions.de\/mechatroniker-karosseriebauer\/#article","isPartOf":{"@id":"https:\/\/old.moebeltransporte.lindnersolutions.de\/mechatroniker-karosseriebauer\/"},"author":{"name":"Starke","@id":"https:\/\/old.moebeltransporte.lindnersolutions.de\/#\/schema\/person\/85d53581b370bdd140fe118f77f085a8"},"headline":"Mechatroniker Karosseriebauer Schlosser &#8211; auch Quereinsteiger (m\/w\/d)","datePublished":"2023-06-01T09:49:05+00:00","dateModified":"2025-10-15T09:20:24+00:00","mainEntityOfPage":{"@id":"https:\/\/old.moebeltransporte.lindnersolutions.de\/mechatroniker-karosseriebauer\/"},"wordCount":196,"publisher":{"@id":"https:\/\/old.moebeltransporte.lindnersolutions.de\/#organization"},"image":{"@id":"https:\/\/old.moebeltransporte.lindnersolutions.de\/mechatroniker-karosseriebauer\/#primaryimage"},"thumbnailUrl":"https:\/\/old.moebeltransporte.lindnersolutions.de\/wp-content\/uploads\/2022\/01\/2023.05.06-08-STARKE-64.jpg","articleSection":["Karriere"],"inLanguage":"de"},{"@type":"WebPage","@id":"https:\/\/old.moebeltransporte.lindnersolutions.de\/mechatroniker-karosseriebauer\/","url":"https:\/\/old.moebeltransporte.lindnersolutions.de\/mechatroniker-karosseriebauer\/","name":"Mechatroniker Karosseriebauer Schlosser - auch Quereinsteiger (m\/w\/d)","isPartOf":{"@id":"https:\/\/old.moebeltransporte.lindnersolutions.de\/#website"},"primaryImageOfPage":{"@id":"https:\/\/old.moebeltransporte.lindnersolutions.de\/mechatroniker-karosseriebauer\/#primaryimage"},"image":{"@id":"https:\/\/old.moebeltransporte.lindnersolutions.de\/mechatroniker-karosseriebauer\/#primaryimage"},"thumbnailUrl":"https:\/\/old.moebeltransporte.lindnersolutions.de\/wp-content\/uploads\/2022\/01\/2023.05.06-08-STARKE-64.jpg","datePublished":"2023-06-01T09:49:05+00:00","dateModified":"2025-10-15T09:20:24+00:00","description":"Wir suchen Sie nicht nur f\u00fcr die allgemeinen Arbeiten in der Werkstatt, sondern auch f\u00fcr die Fertigung von Kofferaufbauten f\u00fcr unsere Fahrzeug","breadcrumb":{"@id":"https:\/\/old.moebeltransporte.lindnersolutions.de\/mechatroniker-karosseriebauer\/#breadcrumb"},"inLanguage":"de","potentialAction":[{"@type":"ReadAction","target":["https:\/\/old.moebeltransporte.lindnersolutions.de\/mechatroniker-karosseriebauer\/"]}]},{"@type":"ImageObject","inLanguage":"de","@id":"https:\/\/old.moebeltransporte.lindnersolutions.de\/mechatroniker-karosseriebauer\/#primaryimage","url":"https:\/\/old.moebeltransporte.lindnersolutions.de\/wp-content\/uploads\/2022\/01\/2023.05.06-08-STARKE-64.jpg","contentUrl":"https:\/\/old.moebeltransporte.lindnersolutions.de\/wp-content\/uploads\/2022\/01\/2023.05.06-08-STARKE-64.jpg","width":2200,"height":1467,"caption":"Starke Fahrzeugbau"},{"@type":"BreadcrumbList","@id":"https:\/\/old.moebeltransporte.lindnersolutions.de\/mechatroniker-karosseriebauer\/#breadcrumb","itemListElement":[{"@type":"ListItem","position":1,"name":"Startseite","item":"https:\/\/old.moebeltransporte.lindnersolutions.de\/"},{"@type":"ListItem","position":2,"name":"Mechatroniker Karosseriebauer Schlosser &#8211; auch Quereinsteiger (m\/w\/d)"}]},{"@type":"WebSite","@id":"https:\/\/old.moebeltransporte.lindnersolutions.de\/#website","url":"https:\/\/old.moebeltransporte.lindnersolutions.de\/","name":"STARKE M\u00f6beltransporte GmbH","description":"Die STARKE M\u00f6beltransport GmbH ist Mitglied im Bundesverband M\u00f6belspedition und Logistik (AM\u00d6) e.V. Mehr Sicherheit f\u00fcr Ihren Umzug geht nicht.","publisher":{"@id":"https:\/\/old.moebeltransporte.lindnersolutions.de\/#organization"},"potentialAction":[{"@type":"SearchAction","target":{"@type":"EntryPoint","urlTemplate":"https:\/\/old.moebeltransporte.lindnersolutions.de\/?s={search_term_string}"},"query-input":{"@type":"PropertyValueSpecification","valueRequired":true,"valueName":"search_term_string"}}],"inLanguage":"de"},{"@type":"Organization","@id":"https:\/\/old.moebeltransporte.lindnersolutions.de\/#organization","name":"STARKE M\u00f6beltransporte GmbH","url":"https:\/\/old.moebeltransporte.lindnersolutions.de\/","logo":{"@type":"ImageObject","inLanguage":"de","@id":"https:\/\/old.moebeltransporte.lindnersolutions.de\/#\/schema\/logo\/image\/","url":"https:\/\/old.moebeltransporte.lindnersolutions.de\/wp-content\/uploads\/2023\/05\/Starke-Logos.png","contentUrl":"https:\/\/old.moebeltransporte.lindnersolutions.de\/wp-content\/uploads\/2023\/05\/Starke-Logos.png","width":945,"height":213,"caption":"STARKE M\u00f6beltransporte GmbH"},"image":{"@id":"https:\/\/old.moebeltransporte.lindnersolutions.de\/#\/schema\/logo\/image\/"},"sameAs":["https:\/\/www.facebook.com\/starkegera","https:\/\/www.instagram.com\/"]},{"@type":"Person","@id":"https:\/\/old.moebeltransporte.lindnersolutions.de\/#\/schema\/person\/85d53581b370bdd140fe118f77f085a8","name":"Starke","sameAs":["https:\/\/old.moebeltransporte.lindnersolutions.de"],"url":"https:\/\/old.moebeltransporte.lindnersolutions.de\/author\/starke\/"}]}},"_links":{"self":[{"href":"https:\/\/old.moebeltransporte.lindnersolutions.de\/wp-json\/wp\/v2\/posts\/7268","targetHints":{"allow":["GET"]}}],"collection":[{"href":"https:\/\/old.moebeltransporte.lindnersolutions.de\/wp-json\/wp\/v2\/posts"}],"about":[{"href":"https:\/\/old.moebeltransporte.lindnersolutions.de\/wp-json\/wp\/v2\/types\/post"}],"author":[{"embeddable":true,"href":"https:\/\/old.moebeltransporte.lindnersolutions.de\/wp-json\/wp\/v2\/users\/1"}],"replies":[{"embeddable":true,"href":"https:\/\/old.moebeltransporte.lindnersolutions.de\/wp-json\/wp\/v2\/comments?post=7268"}],"version-history":[{"count":0,"href":"https:\/\/old.moebeltransporte.lindnersolutions.de\/wp-json\/wp\/v2\/posts\/7268\/revisions"}],"wp:featuredmedia":[{"embeddable":true,"href":"https:\/\/old.moebeltransporte.lindnersolutions.de\/wp-json\/wp\/v2\/media\/6804"}],"wp:attachment":[{"href":"https:\/\/old.moebeltransporte.lindnersolutions.de\/wp-json\/wp\/v2\/media?parent=7268"}],"wp:term":[{"taxonomy":"category","embeddable":true,"href":"https:\/\/old.moebeltransporte.lindnersolutions.de\/wp-json\/wp\/v2\/categories?post=7268"},{"taxonomy":"post_tag","embeddable":true,"href":"https:\/\/old.moebeltransporte.lindnersolutions.de\/wp-json\/wp\/v2\/tags?post=7268"}],"curies":[{"name":"wp","href":"https:\/\/api.w.org\/{rel}","templated":true}]}}